{"id":16838,"date":"2023-08-24T09:35:10","date_gmt":"2023-08-24T12:35:10","guid":{"rendered":"http:\/\/dgospel.com.br\/portal\/?p=16838"},"modified":"2023-08-24T09:35:11","modified_gmt":"2023-08-24T12:35:11","slug":"parlamentares-se-unem-contra-texto-pro-aborto-do-cns","status":"publish","type":"post","link":"https:\/\/dgospel.com.br\/portal\/index.php\/2023\/08\/24\/parlamentares-se-unem-contra-texto-pro-aborto-do-cns\/","title":{"rendered":"Parlamentares se unem contra texto pr\u00f3-aborto do CNS"},"content":{"rendered":"\n<p>Senadores e deputados federais realizaram nesta quarta-feira (23) uma coletiva de imprensa para anunciar medidas contra a resolu\u00e7\u00e3o 715 do Conselho Nacional de Sa\u00fade que, entre outros pontos, defendem a legaliza\u00e7\u00e3o do aborto e da maconha.<\/p>\n\n\n\n<p>Liderados pelo senador Magno Malta (PL-ES), o grupo comparou o texto da resolu\u00e7\u00e3o, que tem o nome da ministra da Sa\u00fade, N\u00edsia Trindade, com a carta do presidente Lula destinada ao p\u00fablico evang\u00e9lico durante o per\u00edodo eleitoral.<\/p>\n\n\n\n<p>No texto lido, Lula se compromete a manter os jovens longe das drogas, respeitar os valores das fam\u00edlias e se coloca contra o aborto.<\/p>\n\n\n\n<p>\u2013 Voc\u00ea bate com a m\u00e3o dos outros. Voc\u00ea diz que \u00e9 contra o aborto, mas seus ministros est\u00e3o autorizados a defender. Coloca a sua cara, Lula \u2013 criticou Malta.<\/p>\n\n\n\n<p>Os parlamentares tamb\u00e9m criticaram outros pontos da resolu\u00e7\u00e3o, como o reconhecimento de religi\u00f5es de matriz africana como equipamentos de promo\u00e7\u00e3o de sa\u00fade e tamb\u00e9m permitir as terapias de mudan\u00e7a de sexo a partir dos 14 anos.<\/p>\n\n\n\n<p>Em seu discurso, Magno Malta prometeu a\u00e7\u00f5es r\u00edgidas para impedir que propostas pr\u00f3-aborto e pela legaliza\u00e7\u00e3o das drogas avancem no Congresso Nacional.<\/p>\n\n\n\n<p>O presidente da Frente Parlamentar Evang\u00e9lica (FPE), deputado federal Silas C\u00e2mara (Republicanos-AM) e o presidente da Frente Parlamentar Cat\u00f3lica (FPC), deputado federal Eros Biondini (PL-MG), tamb\u00e9m se posicionaram contra os dizeres da resolu\u00e7\u00e3o.<\/p>\n\n\n\n<p>O senador Eduardo Gir\u00e3o (Novo-CE) falou representando os parlamentares esp\u00edritas, citando pesquisas de que a maioria dos brasileiros \u00e9 contra drogas e contra o aborto. Ele ainda declarou que Lula cometeu \u201cestelionato eleitoral\u201d ao emitir uma carta ao p\u00fablico conservador e depois desrespeitar as promessas.<\/p>\n\n\n\n<p>Gir\u00e3o ainda pediu para que a deputada federal Priscila Costa (PL-CE) falasse em defesa da vida. A parlamentar est\u00e1 gr\u00e1vida de seu quarto filho.<\/p>\n\n\n\n<p>Assista:<\/p>\n\n\n\n<p><a href=\"https:\/\/www.instagram.com\/p\/CwS-1-2pAAg\/?utm_source=ig_embed&amp;ig_rid=ea4d1b34-ff24-4e5a-8aa4-cf3704e49c06\">https:\/\/www.instagram.com\/p\/CwS-1-2pAAg\/?utm_source=ig_embed&amp;ig_rid=ea4d1b34-ff24-4e5a-8aa4-cf3704e49c06<\/a><\/p>\n","protected":false},"excerpt":{"rendered":"<p>Senadores e deputados federais realizaram nesta quarta-feira (23) uma coletiva de imprensa para anunciar medidas contra a resolu\u00e7\u00e3o 715 do Conselho Nacional de Sa\u00fade que, entre outros pontos, defendem a legaliza\u00e7\u00e3o do aborto e da maconha. Liderados pelo senador Magno Malta (PL-ES), o grupo comparou o texto da resolu\u00e7\u00e3o, que tem o nome da ministra [&hellip;]<\/p>\n","protected":false},"author":2,"featured_media":16839,"comment_status":"open","ping_status":"open","sticky":false,"template":"","format":"standard","meta":[],"categories":[8],"tags":[],"_links":{"self":[{"href":"https:\/\/dgospel.com.br\/portal\/index.php\/wp-json\/wp\/v2\/posts\/16838"}],"collection":[{"href":"https:\/\/dgospel.com.br\/portal\/index.php\/wp-json\/wp\/v2\/posts"}],"about":[{"href":"https:\/\/dgospel.com.br\/portal\/index.php\/wp-json\/wp\/v2\/types\/post"}],"author":[{"embeddable":true,"href":"https:\/\/dgospel.com.br\/portal\/index.php\/wp-json\/wp\/v2\/users\/2"}],"replies":[{"embeddable":true,"href":"https:\/\/dgospel.com.br\/portal\/index.php\/wp-json\/wp\/v2\/comments?post=16838"}],"version-history":[{"count":1,"href":"https:\/\/dgospel.com.br\/portal\/index.php\/wp-json\/wp\/v2\/posts\/16838\/revisions"}],"predecessor-version":[{"id":16840,"href":"https:\/\/dgospel.com.br\/portal\/index.php\/wp-json\/wp\/v2\/posts\/16838\/revisions\/16840"}],"wp:featuredmedia":[{"embeddable":true,"href":"https:\/\/dgospel.com.br\/portal\/index.php\/wp-json\/wp\/v2\/media\/16839"}],"wp:attachment":[{"href":"https:\/\/dgospel.com.br\/portal\/index.php\/wp-json\/wp\/v2\/media?parent=16838"}],"wp:term":[{"taxonomy":"category","embeddable":true,"href":"https:\/\/dgospel.com.br\/portal\/index.php\/wp-json\/wp\/v2\/categories?post=16838"},{"taxonomy":"post_tag","embeddable":true,"href":"https:\/\/dgospel.com.br\/portal\/index.php\/wp-json\/wp\/v2\/tags?post=16838"}],"curies":[{"name":"wp","href":"https:\/\/api.w.org\/{rel}","templated":true}]}}