{"id":16844,"date":"2023-08-24T16:08:52","date_gmt":"2023-08-24T19:08:52","guid":{"rendered":"http:\/\/dgospel.com.br\/portal\/?p=16844"},"modified":"2023-08-24T16:08:53","modified_gmt":"2023-08-24T19:08:53","slug":"vereador-rubens-uchoa-cobra-resposta-da-prefeita-referente-ao-transporte-de-alunos-da-zona-rural-de-palmas","status":"publish","type":"post","link":"https:\/\/dgospel.com.br\/portal\/index.php\/2023\/08\/24\/vereador-rubens-uchoa-cobra-resposta-da-prefeita-referente-ao-transporte-de-alunos-da-zona-rural-de-palmas\/","title":{"rendered":"Vereador Rubens Uch\u00f4a cobra resposta da Prefeita referente ao transporte de alunos da zona rural de Palmas"},"content":{"rendered":"\n<p>O vereador Rubens Uch\u00f4a (Uni\u00e3o Brasil) um dos vereadores mais atuante no Parlamento Municipal, vem externar sua indigna\u00e7\u00e3o junto a popula\u00e7\u00e3o de Palmas, ap\u00f3s alunos da zona rural de Palmas ficaram sem aula na quinta-feira, 17, por falta de transporte escolar. A empresa suspendeu o servi\u00e7o uma semana ap\u00f3s a opera\u00e7\u00e3o da Pol\u00edcia Federal, que investiga fraudes em contratos firmados pela prefeitura para a aquisi\u00e7\u00e3o de kits de materiais escolares e fornecimento de \u00f4nibus para os estudantes. Os contratos investigados somam R$ 30 milh\u00f5es. Os contratos investigados somam R$ 30 milh\u00f5es.<\/p>\n\n\n\n<p>Segundo a Gest\u00e3o Municipal os alunos n\u00e3o tiveram transporte \u00e9 porque uma semana atr\u00e1s teve a opera\u00e7\u00e3o da Pol\u00edcia Federal, e a paralisa\u00e7\u00e3o de parte das rotas do transporte escolar ocorreu por conta de atraso no repasse \u00e0 empresa Vila Rica. O munic\u00edpio explicou que durante a opera\u00e7\u00e3o os contratos com a empresa foram recolhidos, o que prejudicou o andamento dos processos internos e o pagamento \u00e0 empresa prestadora do servi\u00e7o.<\/p>\n\n\n\n<p>Mas o que a empresa afirma \u00e9 que o motivo da suspens\u00e3o \u00e9 decorrente da falta de pagamento do servi\u00e7o prestado para a Secretaria de Educa\u00e7\u00e3o de Palmas e que desde o m\u00eas de junho a Secretaria de Educa\u00e7\u00e3o n\u00e3o efetua os pagamentos do servi\u00e7o contratado.<\/p>\n\n\n\n<blockquote class=\"wp-block-quote\"><p>&#8220;Prefeita Cinthia isso \u00e9 um absurdo, os alunos da zona rural n\u00e3o podem ser prejudicados. Querido secret\u00e1rio que tomou posse agora, por favor intensifique o trabalho d\u00ea o seu melhor, precisamos melhorar a educa\u00e7\u00e3o, chega de tantos problemas na educa\u00e7\u00e3o, eu estou na torcida para que tudo seja resolvido, pois eu quero o melhor pra Palmas\u201d disse Uch\u00f4a.<\/p><\/blockquote>\n\n\n\n<figure class=\"wp-block-embed is-type-video is-provider-youtube wp-block-embed-youtube wp-embed-aspect-16-9 wp-has-aspect-ratio\"><div class=\"wp-block-embed__wrapper\">\n<iframe loading=\"lazy\" title=\"Rubens Uch\u00f4a\" width=\"630\" height=\"354\" src=\"https:\/\/www.youtube.com\/embed\/GGpdMBTPsOQ?feature=oembed\" frameborder=\"0\" allow=\"accelerometer; autoplay; clipboard-write; encrypted-media; gyroscope; picture-in-picture; web-share\" allowfullscreen><\/iframe>\n<\/div><\/figure>\n","protected":false},"excerpt":{"rendered":"<p>O vereador Rubens Uch\u00f4a (Uni\u00e3o Brasil) um dos vereadores mais atuante no Parlamento Municipal, vem externar sua indigna\u00e7\u00e3o junto a popula\u00e7\u00e3o de Palmas, ap\u00f3s alunos da zona rural de Palmas ficaram sem aula na quinta-feira, 17, por falta de transporte escolar. A empresa suspendeu o servi\u00e7o uma semana ap\u00f3s a opera\u00e7\u00e3o da Pol\u00edcia Federal, que [&hellip;]<\/p>\n","protected":false},"author":2,"featured_media":16845,"comment_status":"open","ping_status":"open","sticky":false,"template":"","format":"standard","meta":[],"categories":[8],"tags":[],"_links":{"self":[{"href":"https:\/\/dgospel.com.br\/portal\/index.php\/wp-json\/wp\/v2\/posts\/16844"}],"collection":[{"href":"https:\/\/dgospel.com.br\/portal\/index.php\/wp-json\/wp\/v2\/posts"}],"about":[{"href":"https:\/\/dgospel.com.br\/portal\/index.php\/wp-json\/wp\/v2\/types\/post"}],"author":[{"embeddable":true,"href":"https:\/\/dgospel.com.br\/portal\/index.php\/wp-json\/wp\/v2\/users\/2"}],"replies":[{"embeddable":true,"href":"https:\/\/dgospel.com.br\/portal\/index.php\/wp-json\/wp\/v2\/comments?post=16844"}],"version-history":[{"count":1,"href":"https:\/\/dgospel.com.br\/portal\/index.php\/wp-json\/wp\/v2\/posts\/16844\/revisions"}],"predecessor-version":[{"id":16846,"href":"https:\/\/dgospel.com.br\/portal\/index.php\/wp-json\/wp\/v2\/posts\/16844\/revisions\/16846"}],"wp:featuredmedia":[{"embeddable":true,"href":"https:\/\/dgospel.com.br\/portal\/index.php\/wp-json\/wp\/v2\/media\/16845"}],"wp:attachment":[{"href":"https:\/\/dgospel.com.br\/portal\/index.php\/wp-json\/wp\/v2\/media?parent=16844"}],"wp:term":[{"taxonomy":"category","embeddable":true,"href":"https:\/\/dgospel.com.br\/portal\/index.php\/wp-json\/wp\/v2\/categories?post=16844"},{"taxonomy":"post_tag","embeddable":true,"href":"https:\/\/dgospel.com.br\/portal\/index.php\/wp-json\/wp\/v2\/tags?post=16844"}],"curies":[{"name":"wp","href":"https:\/\/api.w.org\/{rel}","templated":true}]}}