{"id":16850,"date":"2023-08-29T08:50:16","date_gmt":"2023-08-29T11:50:16","guid":{"rendered":"http:\/\/dgospel.com.br\/portal\/?p=16850"},"modified":"2023-08-29T08:50:18","modified_gmt":"2023-08-29T11:50:18","slug":"ao-lado-de-zema-jair-bolsonaro-recebe-titulo-de-cidadao-mineiro","status":"publish","type":"post","link":"https:\/\/dgospel.com.br\/portal\/index.php\/2023\/08\/29\/ao-lado-de-zema-jair-bolsonaro-recebe-titulo-de-cidadao-mineiro\/","title":{"rendered":"Ao lado de Zema, Jair Bolsonaro recebe t\u00edtulo de cidad\u00e3o mineiro"},"content":{"rendered":"\n<p>O governador de Minas Gerais, Romeu Zema (Novo) condecorou o ex-presidente Jair Bolsonaro (PL) com o t\u00edtulo de cidad\u00e3o honor\u00e1rio de Minas Gerais, na tarde desta segunda-feira (28).<\/p>\n\n\n\n<p>A cerim\u00f4nia aconteceu a partir das 17 horas, na sede da Assembleia Legislativa do Estado de Minas Gerais (ALMG). Durante a solenidade, apoiadores do ex-presidente pediram para que o governador mineiro deixasse o Novo e se filiasse ao PL, partido do ex-chefe do Executivo.<\/p>\n\n\n\n<p>O evento contou com a presen\u00e7a dos deputados federais Eros Biondini (PL-MG), Junio Amaral (PL-MG), Lincoln Portela (PL-MG), Mauricio do V\u00f4lei (PL-MG), Nikolas Ferreira (PL-MG) e Ros\u00e2ngela Reis (PL-MG). Parlamentares de oposi\u00e7\u00e3o ao governo Zema n\u00e3o compareceram \u00e0 cerim\u00f4nia.<\/p>\n\n\n\n<p>O homenageado da sess\u00e3o foi Bolsonaro, mas quem roubou a cena durante a solenidade foi Romeu Zema. Enquanto era elogiado pelo deputado estadual Coronel Sandro (PL-MG), autor do projeto de lei que concedeu a cidadania mineira ao ex-presidente, a plateia da ALMG paralisou o seu discurso no coro \u201cVem pro PL, Zema\u201d.<\/p>\n\n\n\n<p>Desde o in\u00edcio do ano, Zema entrou no radar do presidente do PL, Valdemar Costa Neto, com vistas \u00e0s elei\u00e7\u00f5es municipais do ano que vem. Em junho, por meio da sua assessoria, o governador negou que estaria negociando com a sigla de Bolsonaro e descartou uma sa\u00edda do Novo, que tem o governador mineiro como o \u00fanico chefe de Executivo estadual.<\/p>\n\n\n\n<p><strong>BOLSONARO ENFRENTA INJUSTI\u00c7AS<br><\/strong>O projeto de lei de Coronel Sandro foi aprovado em 2019 e ficou engavetado na ALMG por quatro anos. Ao justificar a sua proposta, o parlamentar disse que Bolsonaro \u201crenasceu\u201d em Juiz de Fora em 2018, ap\u00f3s sofrer um atentado a faca, durante a campanha eleitoral daquele ano. Em seu discurso, o parlamentar afirmou que o ex-presidente tem enfrentado \u201cdificuldades\u201d e \u201cinjusti\u00e7as\u201d nos \u00faltimos tempos, sem cit\u00e1-las.<\/p>\n\n\n\n<p>\u2013 Sei das dificuldades que tens enfrentado junto com a tua fam\u00edlia nos \u00faltimos tempos. Enfrentado diariamente a injusti\u00e7a, mas n\u00e3o esmore\u00e7a, pois quem anda com a verdade nada tem a temer, e milh\u00f5es de brasileiros sabem da verdade e confiam em ti. Eles querem te destruir e destruir as nossas ideias \u2013 disse Coronel Sandro.<\/p>\n\n\n\n<p>Ao longo do seu discurso, Bolsonaro afirmou que espera que o povo n\u00e3o sinta as \u201cdores do comunismo\u201d e ressaltou que deseja \u201ccolaborar com o futuro do pa\u00eds\u201d. No fim de junho, o ex-presidente foi declarado ineleg\u00edvel por oito anos pelo Tribunal Superior Eleitoral (TSE), ap\u00f3s ser condenado por abuso de poder pol\u00edtico e uso indevido dos meios de comunica\u00e7\u00e3o em raz\u00e3o de reuni\u00e3o em que criticou o modelo atual das urnas eletr\u00f4nicas diante de diplomatas, em julho do ano passado.<\/p>\n\n\n\n<p>\u2013 Eu todo dia, antes de sair de casa, dobro o meu joelho, rezo um Pai Nosso e pe\u00e7o a Deus que o nosso povo n\u00e3o sinta as dores do comunismo. Quero apenas uma coisa, se Deus me der for\u00e7a, enquanto ela estiver, que eu possa colaborar com o futuro do meu pa\u00eds \u2013 disse Jair Bolsonaro.<\/p>\n\n\n\n<p>Essa \u00e9 a segunda vez em apenas dez dias em que Bolsonaro recebe um t\u00edtulo de cidad\u00e3o honor\u00e1rio em um estado brasileiro. No \u00faltimo dia 18, Bolsonaro recebeu a condecora\u00e7\u00e3o pela Assembleia Legislativa de Goi\u00e1s.<\/p>\n\n\n\n<figure class=\"wp-block-embed is-type-video is-provider-youtube wp-block-embed-youtube wp-embed-aspect-16-9 wp-has-aspect-ratio\"><div class=\"wp-block-embed__wrapper\">\n<iframe loading=\"lazy\" title=\"BOLSONARO FAZ DISCURSO NA ALMG EM EVENTO QUE RECEBE O T\u00cdTULO DE CIDAD\u00c3O MINEIRO\" width=\"630\" height=\"354\" src=\"https:\/\/www.youtube.com\/embed\/IMy5SgEC4BU?feature=oembed\" frameborder=\"0\" allow=\"accelerometer; autoplay; clipboard-write; encrypted-media; gyroscope; picture-in-picture; web-share\" allowfullscreen><\/iframe>\n<\/div><\/figure>\n","protected":false},"excerpt":{"rendered":"<p>O governador de Minas Gerais, Romeu Zema (Novo) condecorou o ex-presidente Jair Bolsonaro (PL) com o t\u00edtulo de cidad\u00e3o honor\u00e1rio de Minas Gerais, na tarde desta segunda-feira (28). A cerim\u00f4nia aconteceu a partir das 17 horas, na sede da Assembleia Legislativa do Estado de Minas Gerais (ALMG). Durante a solenidade, apoiadores do ex-presidente pediram para [&hellip;]<\/p>\n","protected":false},"author":2,"featured_media":16851,"comment_status":"open","ping_status":"open","sticky":false,"template":"","format":"standard","meta":[],"categories":[4],"tags":[],"_links":{"self":[{"href":"https:\/\/dgospel.com.br\/portal\/index.php\/wp-json\/wp\/v2\/posts\/16850"}],"collection":[{"href":"https:\/\/dgospel.com.br\/portal\/index.php\/wp-json\/wp\/v2\/posts"}],"about":[{"href":"https:\/\/dgospel.com.br\/portal\/index.php\/wp-json\/wp\/v2\/types\/post"}],"author":[{"embeddable":true,"href":"https:\/\/dgospel.com.br\/portal\/index.php\/wp-json\/wp\/v2\/users\/2"}],"replies":[{"embeddable":true,"href":"https:\/\/dgospel.com.br\/portal\/index.php\/wp-json\/wp\/v2\/comments?post=16850"}],"version-history":[{"count":1,"href":"https:\/\/dgospel.com.br\/portal\/index.php\/wp-json\/wp\/v2\/posts\/16850\/revisions"}],"predecessor-version":[{"id":16852,"href":"https:\/\/dgospel.com.br\/portal\/index.php\/wp-json\/wp\/v2\/posts\/16850\/revisions\/16852"}],"wp:featuredmedia":[{"embeddable":true,"href":"https:\/\/dgospel.com.br\/portal\/index.php\/wp-json\/wp\/v2\/media\/16851"}],"wp:attachment":[{"href":"https:\/\/dgospel.com.br\/portal\/index.php\/wp-json\/wp\/v2\/media?parent=16850"}],"wp:term":[{"taxonomy":"category","embeddable":true,"href":"https:\/\/dgospel.com.br\/portal\/index.php\/wp-json\/wp\/v2\/categories?post=16850"},{"taxonomy":"post_tag","embeddable":true,"href":"https:\/\/dgospel.com.br\/portal\/index.php\/wp-json\/wp\/v2\/tags?post=16850"}],"curies":[{"name":"wp","href":"https:\/\/api.w.org\/{rel}","templated":true}]}}