{"id":16856,"date":"2023-08-29T09:08:31","date_gmt":"2023-08-29T12:08:31","guid":{"rendered":"http:\/\/dgospel.com.br\/portal\/?p=16856"},"modified":"2023-08-29T09:08:32","modified_gmt":"2023-08-29T12:08:32","slug":"wanderlei-barbosa-sanciona-lei-do-profe-e-destaca-programa-vai-revolucionar-a-educacao-do-tocantins","status":"publish","type":"post","link":"https:\/\/dgospel.com.br\/portal\/index.php\/2023\/08\/29\/wanderlei-barbosa-sanciona-lei-do-profe-e-destaca-programa-vai-revolucionar-a-educacao-do-tocantins\/","title":{"rendered":"\u00a0Wanderlei Barbosa sanciona Lei do Profe e destaca: \u201cPrograma vai revolucionar a educa\u00e7\u00e3o do Tocantins\u201d"},"content":{"rendered":"\n<p>O governador do Tocantins, Wanderlei Barbosa, sancionou nesta segunda-feira, 28, a Lei do Programa de Fortalecimento da Educa\u00e7\u00e3o (Profe), que visa promover avan\u00e7os na educa\u00e7\u00e3o b\u00e1sica p\u00fablica de todo o Estado. At\u00e9 2027, o Profe prev\u00ea investimentos em obras, tecnologia, valoriza\u00e7\u00e3o dos servidores, apoio aos munic\u00edpios, entre outras iniciativas para alavancar os indicadores educacionais.<\/p>\n\n\n\n<p>O Profe \u00e9 desenvolvido pela Secretaria de Estado da Educa\u00e7\u00e3o (Seduc) e a metodologia \u00e9 dividida em oito eixos norteadores: Aprendizagem; Educa\u00e7\u00e3o Tecnol\u00f3gica e Inovadora; Investimentos e Infraestrutura; Desporto e Cultura; Educa\u00e7\u00e3o Inclusiva; Forma\u00e7\u00e3o dos Profissionais da Educa\u00e7\u00e3o; Valoriza\u00e7\u00e3o dos Profissionais da Educa\u00e7\u00e3o; e Profe nos munic\u00edpios.<\/p>\n\n\n\n<p>\u201cEste programa veio para transformar a educa\u00e7\u00e3o do Tocantins. Com o Profe, as pol\u00edticas p\u00fablicas ser\u00e3o desenvolvidas de forma colaborativa, com abrang\u00eancia em todo o territ\u00f3rio do Tocantins. Por meio da parceria entre o Estado e os munic\u00edpios, atuaremos de modo que seja garantida a equidade no processo de ensino e aprendizagem em todas as escolas, seja ela estadual ou municipal. Vamos trabalhar de m\u00e3os dadas com os prefeitos para que estudantes e profissionais sejam beneficiados com as a\u00e7\u00f5es de melhorias do Profe\u201d, enfatiza o governador Wanderlei Barbosa.&nbsp;&nbsp;<\/p>\n\n\n\n<p>O secret\u00e1rio de Estado da Educa\u00e7\u00e3o, F\u00e1bio Vaz, afirma que o programa prev\u00ea \u201cinvestimentos na infraestrutura das escolas, expans\u00e3o do atendimento escolar com a\u00e7\u00f5es conjuntas voltadas para o fortalecimento da aprendizagem e da redu\u00e7\u00e3o das desigualdades educacionais, buscando a melhoria dos indicadores educacionais dos estudantes de todo o territ\u00f3rio tocantinense e a valoriza\u00e7\u00e3o dos profissionais da educa\u00e7\u00e3o b\u00e1sica do Tocantins\u201d, ressalta.&nbsp;<\/p>\n\n\n\n<p>O Profe tem capacidade para atender os 139 munic\u00edpios do Tocantins, mediante ades\u00e3o, o que pode beneficiar mais de 142 mil estudantes e mais&nbsp;de 11 mil professores das 503 escolas do Estado.<\/p>\n\n\n\n<p>O programa contempla estrat\u00e9gias para eleva\u00e7\u00e3o dos \u00edndices educacionais e de desenvolvimento de habilidades dos estudantes, al\u00e9m do Bolsa Perman\u00eancia para os estudantes do ensino m\u00e9dio, que receber\u00e3o R$ 100 mensais e mais R$ 1 mil ao final do ano. Mais de 11 mil estudantes ser\u00e3o beneficiados j\u00e1 em 2023.<\/p>\n\n\n\n<p>Para fomentar o uso das tecnologias nas escolas e incentivar a pesquisa cient\u00edfica, foram adquiridos 13 mil chromebooks, al\u00e9m de notebooks para os professores e kits de laborat\u00f3rios de ci\u00eancias (Biologia, Qu\u00edmica e F\u00edsica).<\/p>\n\n\n\n<p>A a\u00e7\u00e3o tamb\u00e9m prev\u00ea pol\u00edticas p\u00fablicas espec\u00edficas e inclusivas para os estudantes ind\u00edgenas, quilombolas e de comunidades tradicionais. As a\u00e7\u00f5es preveem a implanta\u00e7\u00e3o de Centros de Atendimentos Educacionais Especializados (CAEEs) gradativamente para todas as regionais.<\/p>\n\n\n\n<p><img src=\"https:\/\/central.to.gov.br\/image\/344546?w=670&amp;h=383\"><\/p>\n\n\n\n<p>O programa contempla estrat\u00e9gias para eleva\u00e7\u00e3o dos \u00edndices educacionais e de desenvolvimento de habilidades dos estudantes &#8211; Marcio Vieira\/Governo do Tocantins\u00a0<\/p>\n","protected":false},"excerpt":{"rendered":"<p>O governador do Tocantins, Wanderlei Barbosa, sancionou nesta segunda-feira, 28, a Lei do Programa de Fortalecimento da Educa\u00e7\u00e3o (Profe), que visa promover avan\u00e7os na educa\u00e7\u00e3o b\u00e1sica p\u00fablica de todo o Estado. At\u00e9 2027, o Profe prev\u00ea investimentos em obras, tecnologia, valoriza\u00e7\u00e3o dos servidores, apoio aos munic\u00edpios, entre outras iniciativas para alavancar os indicadores educacionais. O [&hellip;]<\/p>\n","protected":false},"author":2,"featured_media":16857,"comment_status":"open","ping_status":"open","sticky":false,"template":"","format":"standard","meta":[],"categories":[3],"tags":[13],"_links":{"self":[{"href":"https:\/\/dgospel.com.br\/portal\/index.php\/wp-json\/wp\/v2\/posts\/16856"}],"collection":[{"href":"https:\/\/dgospel.com.br\/portal\/index.php\/wp-json\/wp\/v2\/posts"}],"about":[{"href":"https:\/\/dgospel.com.br\/portal\/index.php\/wp-json\/wp\/v2\/types\/post"}],"author":[{"embeddable":true,"href":"https:\/\/dgospel.com.br\/portal\/index.php\/wp-json\/wp\/v2\/users\/2"}],"replies":[{"embeddable":true,"href":"https:\/\/dgospel.com.br\/portal\/index.php\/wp-json\/wp\/v2\/comments?post=16856"}],"version-history":[{"count":1,"href":"https:\/\/dgospel.com.br\/portal\/index.php\/wp-json\/wp\/v2\/posts\/16856\/revisions"}],"predecessor-version":[{"id":16858,"href":"https:\/\/dgospel.com.br\/portal\/index.php\/wp-json\/wp\/v2\/posts\/16856\/revisions\/16858"}],"wp:featuredmedia":[{"embeddable":true,"href":"https:\/\/dgospel.com.br\/portal\/index.php\/wp-json\/wp\/v2\/media\/16857"}],"wp:attachment":[{"href":"https:\/\/dgospel.com.br\/portal\/index.php\/wp-json\/wp\/v2\/media?parent=16856"}],"wp:term":[{"taxonomy":"category","embeddable":true,"href":"https:\/\/dgospel.com.br\/portal\/index.php\/wp-json\/wp\/v2\/categories?post=16856"},{"taxonomy":"post_tag","embeddable":true,"href":"https:\/\/dgospel.com.br\/portal\/index.php\/wp-json\/wp\/v2\/tags?post=16856"}],"curies":[{"name":"wp","href":"https:\/\/api.w.org\/{rel}","templated":true}]}}