{"id":16868,"date":"2023-08-29T09:23:57","date_gmt":"2023-08-29T12:23:57","guid":{"rendered":"http:\/\/dgospel.com.br\/portal\/?p=16868"},"modified":"2023-08-29T09:23:58","modified_gmt":"2023-08-29T12:23:58","slug":"apos-registro-de-400-ataques-contra-cristaos-na-india-lideres-pedem-acao-da-onu","status":"publish","type":"post","link":"https:\/\/dgospel.com.br\/portal\/index.php\/2023\/08\/29\/apos-registro-de-400-ataques-contra-cristaos-na-india-lideres-pedem-acao-da-onu\/","title":{"rendered":"Ap\u00f3s registro de 400 ataques contra crist\u00e3os na \u00cdndia, l\u00edderes pedem a\u00e7\u00e3o da ONU"},"content":{"rendered":"\n<p>S\u00f3 no primeiro semestre de 2023, a \u00cdndia registrou 400 ataques direcionados&nbsp;<a href=\"https:\/\/guiame.com.br\/gospel\/missoes-acao-social\/lei-anticonversao-impede-entrada-de-biblias-na-india-nao-vamos-parar-de-enviar.html\"><strong>contra crist\u00e3os<\/strong><\/a>, de acordo com not\u00edcias do Christian Today. Em 2022, foram registrados 274 no mesmo per\u00edodo.<\/p>\n\n\n\n<p>A escalada da viol\u00eancia anticrist\u00e3 no estado de Manipur, no nordeste da \u00cdndia e tamb\u00e9m na prov\u00edncia paquistanesa de Punjab foi denunciada pelo Conselho dos Bispos Cat\u00f3licos de Kerala (KCBC, da sigla em ingl\u00eas).<\/p>\n\n\n\n<p>O relat\u00f3rio observou que a maioria dos ataques estava ligada a falsas alega\u00e7\u00f5es de convers\u00e3o religiosa, que \u00e9 criminalizada em v\u00e1rios estados indianos.<\/p>\n\n\n\n<p><strong>Viol\u00eancia recorrente contra crist\u00e3os<\/strong><\/p>\n\n\n\n<p>No Paquist\u00e3o, ataques de multid\u00f5es atingiram recentemente mais de 80 lares crist\u00e3os e 19 igrejas na cidade de Jaranwala, na prov\u00edncia de Punjab.<\/p>\n\n\n\n<p>Os ataques ocorreram em 16 de agosto, ap\u00f3s alega\u00e7\u00f5es de profana\u00e7\u00e3o de uma c\u00f3pia do Alcor\u00e3o, o livro sagrado do Isl\u00e3. Vale ressaltar que tais alega\u00e7\u00f5es nem sempre s\u00e3o verdadeiras e s\u00e3o usadas pelos mu\u00e7ulmanos extremistas como desculpa para os ataques.<\/p>\n\n\n\n<p>A KCBC emitiu uma declara\u00e7\u00e3o instando a ONU a intervir em meio \u00e0 viol\u00eancia recorrente contra os crist\u00e3os, tanto na \u00cdndia quanto no Paquist\u00e3o, conforme declarou o Vatican News.<\/p>\n\n\n\n<p><strong>Direitos humanos e liberdade religiosa<\/strong><\/p>\n\n\n\n<p>No estado indiano de Manipur, a viol\u00eancia sect\u00e1ria em curso j\u00e1 custou quase 200 vidas e deslocou mais de 50 mil pessoas nos \u00faltimos tr\u00eas meses.<\/p>\n\n\n\n<p>A viol\u00eancia atinge principalmente os crist\u00e3os da etnia tribal Kuki-Zo. Centenas de igrejas e institui\u00e7\u00f5es crist\u00e3s, incluindo escolas, e milhares de casas foram queimadas e destru\u00eddas por extremistas pertencentes \u00e0 comunidade majorit\u00e1ria Meitei, que \u00e9 predominantemente hindu.<\/p>\n\n\n\n<p>O governo federal indiano permaneceu em sil\u00eancio sobre o assunto. A KCBC observou em sua declara\u00e7\u00e3o que os crist\u00e3os est\u00e3o se tornando cada vez mais alvos de motins e ataques de multid\u00f5es em ambos os pa\u00edses.<\/p>\n\n\n\n<p>Nos \u00faltimos anos, houve v\u00e1rios casos de grande repercuss\u00e3o que chamaram a aten\u00e7\u00e3o internacional para a quest\u00e3o.<\/p>\n\n\n\n<p>O apelo da KCBC surgiu em torno do Dia Internacional em Comemora\u00e7\u00e3o das V\u00edtimas de Atos de Viol\u00eancia Baseados na Religi\u00e3o ou Cren\u00e7a, celebrado anualmente em 22 de agosto. O dia foi introduzido por uma resolu\u00e7\u00e3o da Assembleia Geral da ONU, em 2019, para apoiar os direitos humanos relacionados \u00e0 liberdade religiosa.<\/p>\n","protected":false},"excerpt":{"rendered":"<p>S\u00f3 no primeiro semestre de 2023, a \u00cdndia registrou 400 ataques direcionados&nbsp;contra crist\u00e3os, de acordo com not\u00edcias do Christian Today. Em 2022, foram registrados 274 no mesmo per\u00edodo. A escalada da viol\u00eancia anticrist\u00e3 no estado de Manipur, no nordeste da \u00cdndia e tamb\u00e9m na prov\u00edncia paquistanesa de Punjab foi denunciada pelo Conselho dos Bispos Cat\u00f3licos [&hellip;]<\/p>\n","protected":false},"author":2,"featured_media":16869,"comment_status":"open","ping_status":"open","sticky":false,"template":"","format":"standard","meta":[],"categories":[16],"tags":[],"_links":{"self":[{"href":"https:\/\/dgospel.com.br\/portal\/index.php\/wp-json\/wp\/v2\/posts\/16868"}],"collection":[{"href":"https:\/\/dgospel.com.br\/portal\/index.php\/wp-json\/wp\/v2\/posts"}],"about":[{"href":"https:\/\/dgospel.com.br\/portal\/index.php\/wp-json\/wp\/v2\/types\/post"}],"author":[{"embeddable":true,"href":"https:\/\/dgospel.com.br\/portal\/index.php\/wp-json\/wp\/v2\/users\/2"}],"replies":[{"embeddable":true,"href":"https:\/\/dgospel.com.br\/portal\/index.php\/wp-json\/wp\/v2\/comments?post=16868"}],"version-history":[{"count":1,"href":"https:\/\/dgospel.com.br\/portal\/index.php\/wp-json\/wp\/v2\/posts\/16868\/revisions"}],"predecessor-version":[{"id":16870,"href":"https:\/\/dgospel.com.br\/portal\/index.php\/wp-json\/wp\/v2\/posts\/16868\/revisions\/16870"}],"wp:featuredmedia":[{"embeddable":true,"href":"https:\/\/dgospel.com.br\/portal\/index.php\/wp-json\/wp\/v2\/media\/16869"}],"wp:attachment":[{"href":"https:\/\/dgospel.com.br\/portal\/index.php\/wp-json\/wp\/v2\/media?parent=16868"}],"wp:term":[{"taxonomy":"category","embeddable":true,"href":"https:\/\/dgospel.com.br\/portal\/index.php\/wp-json\/wp\/v2\/categories?post=16868"},{"taxonomy":"post_tag","embeddable":true,"href":"https:\/\/dgospel.com.br\/portal\/index.php\/wp-json\/wp\/v2\/tags?post=16868"}],"curies":[{"name":"wp","href":"https:\/\/api.w.org\/{rel}","templated":true}]}}