{"id":16871,"date":"2023-08-29T09:26:47","date_gmt":"2023-08-29T12:26:47","guid":{"rendered":"http:\/\/dgospel.com.br\/portal\/?p=16871"},"modified":"2023-08-29T09:26:48","modified_gmt":"2023-08-29T12:26:48","slug":"autoridade-dos-pais-sob-ataque-mae-de-sc-e-ameacada-por-ensino-domiciliar-do-filho","status":"publish","type":"post","link":"https:\/\/dgospel.com.br\/portal\/index.php\/2023\/08\/29\/autoridade-dos-pais-sob-ataque-mae-de-sc-e-ameacada-por-ensino-domiciliar-do-filho\/","title":{"rendered":"Autoridade dos pais sob ataque: m\u00e3e de SC \u00e9 amea\u00e7ada por ensino domiciliar do filho"},"content":{"rendered":"\n<p>O ensino domiciliar no Brasil ainda carece de regulamenta\u00e7\u00e3o, e para isso est\u00e1 em discuss\u00e3o no Senado Federal o Projeto de Lei n\u00b0 1338, de 2022, que trata deste assunto e pretende especificar as normas para que os filhos tenham a op\u00e7\u00e3o de receber o curr\u00edculo escolar em suas pr\u00f3prias casas, atrav\u00e9s dos pais e n\u00e3o da escola.<\/p>\n\n\n\n<p>Apesar disso, a pr\u00e1tica do homeschooling h\u00e1 anos j\u00e1 \u00e9 uma realidade no Brasil, com ao menos 34 mil fam\u00edlias tendo o adotado, o que resulta em um n\u00famero de 70 mil estudantes entre 14 e 17 anos sendo conduzidos por esse modelo, segundo a Associa\u00e7\u00e3o Nacional de Educa\u00e7\u00e3o Domiciliar (ANED).<\/p>\n\n\n\n<p>Essas fam\u00edlias se baseiam, por exemplo, no artigo 26.3 da Declara\u00e7\u00e3o Universal dos Direitos Humanos, da qual o Brasil \u00e9 signat\u00e1rio. Ela afirma que \u201cos pais t\u00eam prioridade de direito na escolha do tipo de educa\u00e7\u00e3o a ser ministrada a seus filhos\u201d.<\/p>\n\n\n\n<p>Mas, mesmo com o Governo Brasileiro tendo assinado essa Declara\u00e7\u00e3o, uma m\u00e3e de Santa Catarina chamada Regiane Cichelero foi multada em R$1.500 di\u00e1rios enquanto n\u00e3o matricular seu filho de 12 anos em uma escola regular. Al\u00e9m disso, ela est\u00e1 tendo a guarda da crian\u00e7a amea\u00e7ada por parte do juizado local.<\/p>\n\n\n\n<p>Tudo porque, Regiane resolveu manter o ensino domiciliar do seu filho, o que ela iniciou durante a pandemia da COVID-19, quando as escolas foram fechadas. Ora, \u00e9 \u00f3bvio que n\u00e3o estou endossando neglig\u00eancia alguma sobre os cuidados da crian\u00e7a no tocante \u00e0 educa\u00e7\u00e3o escolar.<\/p>\n\n\n\n<p>Partimos, aqui, do pressuposto de que essa m\u00e3e tem a compet\u00eancia necess\u00e1ria para ensinar o seu filho, n\u00e3o deixando em nada a desejar, como todos os pais que optam por esse modelo de ensino devem ter e v\u00eam se apresentando ao longo dos anos.<\/p>\n\n\n\n<p>N\u00e3o por acaso, segundo a ANED, &#8220;at\u00e9 hoje, no Brasil, das centenas de fam\u00edlias processadas pela pr\u00e1tica da educa\u00e7\u00e3o domiciliar \u2013 havendo tr\u00e2nsito em julgado ou n\u00e3o \u2013, nenhuma foi condenada por abandono intelectual, pois a justi\u00e7a n\u00e3o encontrou evid\u00eancias a esse respeito.&#8221;<\/p>\n\n\n\n<p>Ou seja, os pais que optam pelo ensino domiciliar t\u00eam consci\u00eancia da responsabilidade que precisam ter diante da forma\u00e7\u00e3o dos filhos, n\u00e3o sendo pessoas negligentes, mas sim preocupadas em dar um tipo de educa\u00e7\u00e3o melhor, mais segura e personalizada.<\/p>\n\n\n\n<p><strong>Ataque expl\u00edcito<\/strong><\/p>\n\n\n\n<p>N\u00e3o precisamos nos esfor\u00e7ar muito para saber a opini\u00e3o da maioria dos brasileiros sobre a qualidade da educa\u00e7\u00e3o escolar em nosso pa\u00eds. Isto posto, \u00e9 mais do que compreens\u00edvel a escolha de milhares de fam\u00edlias pelo ensino domiciliar.<\/p>\n\n\n\n<p>A decis\u00e3o contra Regiane, que certamente se mostra uma m\u00e3e dedicada, \u00e9 um estupro contra o princ\u00edpio da proporcionalidade jur\u00eddica ao amea\u00e7ar retirar a guarda do seu filho, assim como a multa di\u00e1ria, que n\u00e3o passa de uma ferramenta abusiva de for\u00e7a.<\/p>\n\n\n\n<p>Particularmente, entendo que o correto, nesses casos, \u00e9 que uma avalia\u00e7\u00e3o de compet\u00eancia m\u00ednima seja efetuada, desde que de forma honesta, justa e proporcional \u00e0 realidade de cada fam\u00edlia, levando-se em considera\u00e7\u00e3o a prioridade dos pais sobre o modelo de educa\u00e7\u00e3o, conforme o j\u00e1 citado artigo 26.3 da Declara\u00e7\u00e3o Universal dos Direitos Humanos.<\/p>\n\n\n\n<p>Qualquer coisa al\u00e9m disso, no meu entender, constitui um ataque expl\u00edcito \u00e0 autoridade dos pais sobre os filhos, algo que devemos repudiar e lutar para que n\u00e3o se torne normal em nosso pa\u00eds &#8211; ao menos enquanto ainda respiramos como uma Na\u00e7\u00e3o livre e democr\u00e1tica!<\/p>\n\n\n\n<p><strong>Marisa Lobo<\/strong>&nbsp;\u00e9 psic\u00f3loga, especialista em Direitos Humanos, presidente do movimento Pr\u00f3-Mulher e autora dos livros &#8220;Por que as pessoas Mentem?&#8221;, &#8220;A Ideologia de G\u00eanero na Educa\u00e7\u00e3o&#8221; e &#8220;Fam\u00edlias em Perigo&#8221;.<\/p>\n\n\n\n<p><em>* O conte\u00fado do texto acima \u00e9 de colabora\u00e7\u00e3o volunt\u00e1ria, seu teor \u00e9 de total responsabilidade do autor e n\u00e3o reflete necessariamente a opini\u00e3o do Portal Guiame.<\/em><\/p>\n\n\n\n<p>Leia o artigo anterior:&nbsp;<strong><a href=\"https:\/\/guiame.com.br\/colunistas\/marisa-lobo\/Leia%20o%20artigo%20anterior:%20Governo%20quer%20reconhecer%20os%20'terreiros'%20como%20locais%20de%20'cura%20complementares%20do%20SUS'\">Governo quer reconhecer os &#8216;terreiros&#8217; como locais de &#8216;cura complementares do SUS&#8217;<\/a><\/strong><\/p>\n","protected":false},"excerpt":{"rendered":"<p>O ensino domiciliar no Brasil ainda carece de regulamenta\u00e7\u00e3o, e para isso est\u00e1 em discuss\u00e3o no Senado Federal o Projeto de Lei n\u00b0 1338, de 2022, que trata deste assunto e pretende especificar as normas para que os filhos tenham a op\u00e7\u00e3o de receber o curr\u00edculo escolar em suas pr\u00f3prias casas, atrav\u00e9s dos pais e [&hellip;]<\/p>\n","protected":false},"author":2,"featured_media":16872,"comment_status":"open","ping_status":"open","sticky":false,"template":"","format":"standard","meta":[],"categories":[11,12],"tags":[],"_links":{"self":[{"href":"https:\/\/dgospel.com.br\/portal\/index.php\/wp-json\/wp\/v2\/posts\/16871"}],"collection":[{"href":"https:\/\/dgospel.com.br\/portal\/index.php\/wp-json\/wp\/v2\/posts"}],"about":[{"href":"https:\/\/dgospel.com.br\/portal\/index.php\/wp-json\/wp\/v2\/types\/post"}],"author":[{"embeddable":true,"href":"https:\/\/dgospel.com.br\/portal\/index.php\/wp-json\/wp\/v2\/users\/2"}],"replies":[{"embeddable":true,"href":"https:\/\/dgospel.com.br\/portal\/index.php\/wp-json\/wp\/v2\/comments?post=16871"}],"version-history":[{"count":1,"href":"https:\/\/dgospel.com.br\/portal\/index.php\/wp-json\/wp\/v2\/posts\/16871\/revisions"}],"predecessor-version":[{"id":16873,"href":"https:\/\/dgospel.com.br\/portal\/index.php\/wp-json\/wp\/v2\/posts\/16871\/revisions\/16873"}],"wp:featuredmedia":[{"embeddable":true,"href":"https:\/\/dgospel.com.br\/portal\/index.php\/wp-json\/wp\/v2\/media\/16872"}],"wp:attachment":[{"href":"https:\/\/dgospel.com.br\/portal\/index.php\/wp-json\/wp\/v2\/media?parent=16871"}],"wp:term":[{"taxonomy":"category","embeddable":true,"href":"https:\/\/dgospel.com.br\/portal\/index.php\/wp-json\/wp\/v2\/categories?post=16871"},{"taxonomy":"post_tag","embeddable":true,"href":"https:\/\/dgospel.com.br\/portal\/index.php\/wp-json\/wp\/v2\/tags?post=16871"}],"curies":[{"name":"wp","href":"https:\/\/api.w.org\/{rel}","templated":true}]}}