{"id":16877,"date":"2023-08-29T12:12:22","date_gmt":"2023-08-29T15:12:22","guid":{"rendered":"http:\/\/dgospel.com.br\/portal\/?p=16877"},"modified":"2023-08-29T12:12:23","modified_gmt":"2023-08-29T15:12:23","slug":"juristas-cristaos-chamam-igreja-a-oracao-contra-descriminalizacao-do-aborto-no-brasil","status":"publish","type":"post","link":"https:\/\/dgospel.com.br\/portal\/index.php\/2023\/08\/29\/juristas-cristaos-chamam-igreja-a-oracao-contra-descriminalizacao-do-aborto-no-brasil\/","title":{"rendered":"Juristas crist\u00e3os chamam Igreja \u00e0 ora\u00e7\u00e3o contra descriminaliza\u00e7\u00e3o do aborto no Brasil"},"content":{"rendered":"\n<p>A&nbsp;<strong><a href=\"https:\/\/guiame.com.br\/colunistas\/anajure\/o-papel-da-anajure-no-brasil-e-no-mundo.html\">ANAJURE<\/a><\/strong>&nbsp;(Associa\u00e7\u00e3o Nacional de Juristas Evang\u00e9licos) anunciou, nesta segunda-feira (28), as novas a\u00e7\u00f5es em seu trabalho na defesa da vida por meio de uma carta aberta e um chamado de ora\u00e7\u00e3o.<\/p>\n\n\n\n<p>O objetivo da entidade, que congrega juristas crist\u00e3os, \u00e9 atuar contra a Argui\u00e7\u00e3o de Descumprimento de Preceito Fundamental (ADPF) 442, que delibera sobre a descriminaliza\u00e7\u00e3o do aborto no Brasil e est\u00e1 pr\u00f3xima de ser inclu\u00edda em pauta para julgamento no Supremo Tribunal Federal (STF).<\/p>\n\n\n\n<p>Segundo informado pelo&nbsp;<strong>Guiame<\/strong>, a presidente da Corte,&nbsp;<strong><a href=\"https:\/\/guiame.com.br\/gospel\/noticias\/52-dos-brasileiros-sao-contra-o-aborto-ser-uma-decisao-da-mulher.html\">ministra Rosa Weber<\/a><\/strong>, j\u00e1 manifestou o desejo de colocar a ADPF em julgamento antes de sua aposentadoria, prevista para outubro pr\u00f3ximo.<\/p>\n\n\n\n<p><img src=\"https:\/\/thumbor.guiame.com.br\/unsafe\/smart\/https:\/\/media.guiame.com.br\/archives\/2023\/08\/29\/3518669928-rosa-weber.jpg\" alt=\"\" width=\"600\"><sup>Ministra Rosa Weber, atual presidente do STF. (Foto: Nelson Jr.\/SCO\/STF)<\/sup><\/p>\n\n\n\n<p>Uma pesquisa realizada pelo Ipec, durante o per\u00edodo eleitoral em setembro do ano passado, revelou que 70% dos brasileiros se posicionaram contr\u00e1rios \u00e0 legaliza\u00e7\u00e3o do aborto. Apesar disso, a a\u00e7\u00e3o foi proposta pelo Partido Socialismo e Liberdade (PSOL), de extrema esquerda.<\/p>\n\n\n\n<p><strong>Amicus curiae<\/strong><\/p>\n\n\n\n<p>Em 2017, a ANAJURE requereu junto ao STF sua interven\u00e7\u00e3o como amicus curiae na ADPF 442, demonstrando interesse especial na quest\u00e3o em disputa para defender o direito \u00e0 vida do nascituro.<\/p>\n\n\n\n<p>Na \u00e9poca, a entidade participou da Audi\u00eancia P\u00fablica da ADPF 442, na qual, representada pela Dra. Edna V. Zilli, apresentou seu posicionamento jur\u00eddico contr\u00e1rio \u00e0&nbsp;<strong><a href=\"https:\/\/guiame.com.br\/gospel\/noticias\/pastores-se-manifestam-contra-acao-que-permitira-aborto-ate-o-3-mes-de-gestacao.html\">descriminaliza\u00e7\u00e3o do aborto<\/a><\/strong>.<\/p>\n\n\n\n<p>Conforme relatado, a ANAJURE tomou a decis\u00e3o de redigir uma Carta Aberta dos Evang\u00e9licos destinada aos Membros do Supremo Tribunal Federal e ao Congresso Nacional a respeito da ADPF 442 e da quest\u00e3o da Descriminaliza\u00e7\u00e3o do Aborto.<\/p>\n\n\n\n<p>Essa iniciativa conta com o respaldo de mais de 40 organiza\u00e7\u00f5es religiosas parceiras, assim como de diversas entidades e&nbsp;<strong><a href=\"https:\/\/guiame.com.br\/gospel\/noticias\/pastores-e-igrejas-evangelicas-sao-principais-alvos-na-ucrania-diz-advogado-cristao.html\">l\u00edderes evang\u00e9licos<\/a><\/strong>&nbsp;em todo o territ\u00f3rio brasileiro.<\/p>\n\n\n\n<p><img src=\"https:\/\/thumbor.guiame.com.br\/unsafe\/smart\/https:\/\/media.guiame.com.br\/archives\/2023\/08\/29\/1275657190-organizacoes-cristas.jpg\" alt=\"\" width=\"600\"><sup>40 organiza\u00e7\u00f5es crist\u00e3s subscrevem carta aberta da Anajure. (Reprodu\u00e7\u00e3o\/Anajure)<\/sup><\/p>\n\n\n\n<p>Juntos, eles est\u00e3o unindo esfor\u00e7os para expressar uma posi\u00e7\u00e3o contr\u00e1ria \u00e0 ADPF 442 e \u00e0 proposta de descriminaliza\u00e7\u00e3o do aborto. Segundo a ANAJURE, essa manifesta\u00e7\u00e3o \u00e9 fundamentada na defesa da dignidade da pessoa humana e na preserva\u00e7\u00e3o do direito \u00e0 vida.<\/p>\n\n\n\n<p>A carta, que ser\u00e1 entregue aos representantes do STF e do Congresso Nacional, continua aberta para subscri\u00e7\u00e3o por l\u00edderes e entidades evang\u00e9licas atrav\u00e9s do e-mail secretaria.geral@anajure.org.br.<\/p>\n\n\n\n<p><strong>Chamado de ora\u00e7\u00e3o<\/strong><\/p>\n\n\n\n<p>Al\u00e9m da carta aberta, a entidade de juristas tamb\u00e9m publicou um chamado de ora\u00e7\u00e3o e mobiliza\u00e7\u00e3o em defesa da vida para compartilhamento com as igrejas e comunidades evang\u00e9licas.<\/p>\n\n\n\n<p>Citando o Salmos 139.13-16, a carta \u00e9 endere\u00e7ada a \u201cpastores, l\u00edderes e irm\u00e3os de nossa comunidade evang\u00e9lica\u201d.<\/p>\n\n\n\n<p>A entidade inicia o texto explicando que a ADPF 442, que \u201cprop\u00f5e a descriminaliza\u00e7\u00e3o do aborto at\u00e9 a 12\u00aa semana de gesta\u00e7\u00e3o, se encontra em curso para an\u00e1lise do Supremo Tribunal Federal (STF). Diante do cen\u00e1rio atual, \u00e9 crucial que nos posicionemos com clareza e determina\u00e7\u00e3o contra a cultura de morte, em defesa do valor intr\u00ednseco da vida humana em todas as suas fases\u201d.<\/p>\n\n\n\n<p>E diz: \u201cNo que se refere \u00e0 ora\u00e7\u00e3o, a B\u00edblia nos ensina a orar pelos que se encontram em sofrimento e afli\u00e7\u00e3o, bem como por todas as autoridades (1 Tim\u00f3teo 2:1-2). Frente \u00e0 proximidade do julgamento da ADPF 442, \u00e9 um tempo importante para levantarmos nossas vozes em ora\u00e7\u00e3o\u201d.<\/p>\n\n\n\n<p>E continua: \u201cConclamamos igrejas, l\u00edderes e irm\u00e3os em Cristo a orarem pelos beb\u00eas em gesta\u00e7\u00e3o, pelas mulheres que enfrentam dificuldades, e pelos Ministros do Supremo Tribunal Federal, para que o Senhor os oriente diante da vindoura decis\u00e3o t\u00e3o importante para a vida de milh\u00f5es de brasileiros, nascidos ou ainda por nascer.\u201d<\/p>\n\n\n\n<p>Leia a \u00edntegra do chamado de ora\u00e7\u00e3o&nbsp;<strong><a href=\"https:\/\/anajure.org.br\/chamado-a-oracao-e-mobilizacao-pela-vida\/\">aqui<\/a><\/strong>.<\/p>\n\n\n\n<p>A ANJURE anunciou uma live sobre o tema, que ser\u00e1 transmitida no dia 05 de setembro, \u00e0s 19 horas, via Instagram (anajureoficial) e YouTube (canal ANAJURE oficial), para debater e tirar d\u00favidas ao vivo sobre a ADPF 442.<\/p>\n\n\n\n<p>Na live, estar\u00e3o presentes a Dra. Edna V. Zilli, presidente da ANAJURE, e a Dra. Lenise Garcia, professora do Departamento de Biologia da UnB e presidente da ONG Brasil Sem Aborto.<\/p>\n","protected":false},"excerpt":{"rendered":"<p>A&nbsp;ANAJURE&nbsp;(Associa\u00e7\u00e3o Nacional de Juristas Evang\u00e9licos) anunciou, nesta segunda-feira (28), as novas a\u00e7\u00f5es em seu trabalho na defesa da vida por meio de uma carta aberta e um chamado de ora\u00e7\u00e3o. O objetivo da entidade, que congrega juristas crist\u00e3os, \u00e9 atuar contra a Argui\u00e7\u00e3o de Descumprimento de Preceito Fundamental (ADPF) 442, que delibera sobre a descriminaliza\u00e7\u00e3o [&hellip;]<\/p>\n","protected":false},"author":2,"featured_media":16878,"comment_status":"open","ping_status":"open","sticky":false,"template":"","format":"standard","meta":[],"categories":[10],"tags":[],"_links":{"self":[{"href":"https:\/\/dgospel.com.br\/portal\/index.php\/wp-json\/wp\/v2\/posts\/16877"}],"collection":[{"href":"https:\/\/dgospel.com.br\/portal\/index.php\/wp-json\/wp\/v2\/posts"}],"about":[{"href":"https:\/\/dgospel.com.br\/portal\/index.php\/wp-json\/wp\/v2\/types\/post"}],"author":[{"embeddable":true,"href":"https:\/\/dgospel.com.br\/portal\/index.php\/wp-json\/wp\/v2\/users\/2"}],"replies":[{"embeddable":true,"href":"https:\/\/dgospel.com.br\/portal\/index.php\/wp-json\/wp\/v2\/comments?post=16877"}],"version-history":[{"count":1,"href":"https:\/\/dgospel.com.br\/portal\/index.php\/wp-json\/wp\/v2\/posts\/16877\/revisions"}],"predecessor-version":[{"id":16879,"href":"https:\/\/dgospel.com.br\/portal\/index.php\/wp-json\/wp\/v2\/posts\/16877\/revisions\/16879"}],"wp:featuredmedia":[{"embeddable":true,"href":"https:\/\/dgospel.com.br\/portal\/index.php\/wp-json\/wp\/v2\/media\/16878"}],"wp:attachment":[{"href":"https:\/\/dgospel.com.br\/portal\/index.php\/wp-json\/wp\/v2\/media?parent=16877"}],"wp:term":[{"taxonomy":"category","embeddable":true,"href":"https:\/\/dgospel.com.br\/portal\/index.php\/wp-json\/wp\/v2\/categories?post=16877"},{"taxonomy":"post_tag","embeddable":true,"href":"https:\/\/dgospel.com.br\/portal\/index.php\/wp-json\/wp\/v2\/tags?post=16877"}],"curies":[{"name":"wp","href":"https:\/\/api.w.org\/{rel}","templated":true}]}}