{"id":16880,"date":"2023-08-30T11:27:21","date_gmt":"2023-08-30T14:27:21","guid":{"rendered":"http:\/\/dgospel.com.br\/portal\/?p=16880"},"modified":"2023-08-30T11:27:22","modified_gmt":"2023-08-30T14:27:22","slug":"governo-federal-cria-forum-com-foco-em-politicas-para-lesbicas","status":"publish","type":"post","link":"https:\/\/dgospel.com.br\/portal\/index.php\/2023\/08\/30\/governo-federal-cria-forum-com-foco-em-politicas-para-lesbicas\/","title":{"rendered":"Governo federal cria f\u00f3rum com foco em pol\u00edticas para l\u00e9sbicas"},"content":{"rendered":"\n<p>Nesta ter\u00e7a-feira (29), o Minist\u00e9rio das Mulheres, liderado pela ministra Aparecida Gon\u00e7alves, instaurou um f\u00f3rum com o objetivo de pensar pol\u00edticas p\u00fablicas \u00e0s l\u00e9sbicas.<\/p>\n\n\n\n<p>O F\u00f3rum para a Promo\u00e7\u00e3o de Estrat\u00e9gias para a Autonomia Econ\u00f4mica e Cuidado, Enfrentamento \u00e0 Viol\u00eancia e Articula\u00e7\u00e3o Institucional de Pol\u00edticas P\u00fablicas para L\u00e9sbicas foi oficializado na data em que se comemora o Dia da Visibilidade L\u00e9sbica.<\/p>\n\n\n\n<p>De car\u00e1ter consultivo, o grupo foi institu\u00eddo por meio da Portaria n\u00b0 235 de 28 de agosto de 2023, publicada nesta ter\u00e7a no Di\u00e1rio Oficial da Uni\u00e3o (DOU).<\/p>\n\n\n\n<p>Dentro dos objetivos listados, o F\u00f3rum ir\u00e1 apoiar a participa\u00e7\u00e3o das l\u00e9sbicas no controle social das pol\u00edticas para mulheres; propor a\u00e7\u00f5es para debater a igualdade de g\u00eanero, debater as estrat\u00e9gias e a\u00e7\u00f5es de preven\u00e7\u00e3o \u00e0s viol\u00eancias contra as l\u00e9sbicas; elaborar estudos e diagn\u00f3sticos das l\u00e9sbicas em seus diferentes territ\u00f3rios, entre outros.<\/p>\n\n\n\n<p>A cada quatro meses o f\u00f3rum realizar\u00e1 uma reuni\u00e3o. Participar\u00e3o do grupo pessoas indicadas pela ministra Cida Gon\u00e7alves. Outros minist\u00e9rios poder\u00e3o fazer parte do grupo, como Direitos Humanos, Igualdade Racial, Povos Ind\u00edgenas, Desenvolvimento Social, Educa\u00e7\u00e3o, Sa\u00fade e Cultura.<\/p>\n\n\n\n<p>Fonte: pleno.news<\/p>\n","protected":false},"excerpt":{"rendered":"<p>Nesta ter\u00e7a-feira (29), o Minist\u00e9rio das Mulheres, liderado pela ministra Aparecida Gon\u00e7alves, instaurou um f\u00f3rum com o objetivo de pensar pol\u00edticas p\u00fablicas \u00e0s l\u00e9sbicas. O F\u00f3rum para a Promo\u00e7\u00e3o de Estrat\u00e9gias para a Autonomia Econ\u00f4mica e Cuidado, Enfrentamento \u00e0 Viol\u00eancia e Articula\u00e7\u00e3o Institucional de Pol\u00edticas P\u00fablicas para L\u00e9sbicas foi oficializado na data em que se [&hellip;]<\/p>\n","protected":false},"author":2,"featured_media":16881,"comment_status":"open","ping_status":"open","sticky":false,"template":"","format":"standard","meta":[],"categories":[4],"tags":[],"_links":{"self":[{"href":"https:\/\/dgospel.com.br\/portal\/index.php\/wp-json\/wp\/v2\/posts\/16880"}],"collection":[{"href":"https:\/\/dgospel.com.br\/portal\/index.php\/wp-json\/wp\/v2\/posts"}],"about":[{"href":"https:\/\/dgospel.com.br\/portal\/index.php\/wp-json\/wp\/v2\/types\/post"}],"author":[{"embeddable":true,"href":"https:\/\/dgospel.com.br\/portal\/index.php\/wp-json\/wp\/v2\/users\/2"}],"replies":[{"embeddable":true,"href":"https:\/\/dgospel.com.br\/portal\/index.php\/wp-json\/wp\/v2\/comments?post=16880"}],"version-history":[{"count":1,"href":"https:\/\/dgospel.com.br\/portal\/index.php\/wp-json\/wp\/v2\/posts\/16880\/revisions"}],"predecessor-version":[{"id":16882,"href":"https:\/\/dgospel.com.br\/portal\/index.php\/wp-json\/wp\/v2\/posts\/16880\/revisions\/16882"}],"wp:featuredmedia":[{"embeddable":true,"href":"https:\/\/dgospel.com.br\/portal\/index.php\/wp-json\/wp\/v2\/media\/16881"}],"wp:attachment":[{"href":"https:\/\/dgospel.com.br\/portal\/index.php\/wp-json\/wp\/v2\/media?parent=16880"}],"wp:term":[{"taxonomy":"category","embeddable":true,"href":"https:\/\/dgospel.com.br\/portal\/index.php\/wp-json\/wp\/v2\/categories?post=16880"},{"taxonomy":"post_tag","embeddable":true,"href":"https:\/\/dgospel.com.br\/portal\/index.php\/wp-json\/wp\/v2\/tags?post=16880"}],"curies":[{"name":"wp","href":"https:\/\/api.w.org\/{rel}","templated":true}]}}