{"id":16883,"date":"2023-08-30T11:31:08","date_gmt":"2023-08-30T14:31:08","guid":{"rendered":"http:\/\/dgospel.com.br\/portal\/?p=16883"},"modified":"2023-08-30T11:31:09","modified_gmt":"2023-08-30T14:31:09","slug":"imagens-de-8-de-janeiro-do-ministerio-da-justica-e-seguranca-publica-foram-deletadas-segundo-pf","status":"publish","type":"post","link":"https:\/\/dgospel.com.br\/portal\/index.php\/2023\/08\/30\/imagens-de-8-de-janeiro-do-ministerio-da-justica-e-seguranca-publica-foram-deletadas-segundo-pf\/","title":{"rendered":"Imagens de 8 de janeiro do Minist\u00e9rio da Justi\u00e7a e Seguran\u00e7a P\u00fablica foram deletadas, segundo PF"},"content":{"rendered":"\n<p>Fontes da Pol\u00edcia Federal revelaram que as imagens do 8 de janeiro registradas pelas c\u00e2meras de seguran\u00e7a do Minist\u00e9rio da Justi\u00e7a e Seguran\u00e7a P\u00fablica foram deletadas. A informa\u00e7\u00e3o \u00e9 do R7.<\/p>\n\n\n\n<p>A Comiss\u00e3o Parlamentar Mista de Inqu\u00e9rito (CPMI) do 8 de janeiro conseguiu autoriza\u00e7\u00e3o do Supremo Tribunal Federal (STF) para ter acesso \u00e0s imagens, mas o material entregue \u00e9 referente apenas a duas c\u00e2meras. O circuito de seguran\u00e7a do pr\u00e9dio tem mais equipamentos.<\/p>\n\n\n\n<p>O ministro Fl\u00e1vio Dino, respons\u00e1vel pela pasta, foi o primeiro a ser procurado pela CPMI para entregar o material, mas disse que s\u00f3 entregaria se o STF autorizasse. Ap\u00f3s a autoriza\u00e7\u00e3o, o material enviado n\u00e3o est\u00e1 completo.<\/p>\n\n\n\n<p>\u00c9 poss\u00edvel ver apenas a frente do Pal\u00e1cio da Justi\u00e7a, o que torna imposs\u00edvel para a Comiss\u00e3o analisar o que aconteceu no pr\u00e9dio naquele dia.<\/p>\n\n\n\n<p>Uma justificativa para a aus\u00eancia desse material \u00e9 que as imagens n\u00e3o ficam salvas, sendo exclu\u00eddas do sistema ap\u00f3s 15 dias. A pasta informa que n\u00e3o houve pedido para que as imagens fossem salvas por mais tempo, j\u00e1 que o pr\u00e9dio n\u00e3o foi invadido.<\/p>\n","protected":false},"excerpt":{"rendered":"<p>Fontes da Pol\u00edcia Federal revelaram que as imagens do 8 de janeiro registradas pelas c\u00e2meras de seguran\u00e7a do Minist\u00e9rio da Justi\u00e7a e Seguran\u00e7a P\u00fablica foram deletadas. A informa\u00e7\u00e3o \u00e9 do R7. A Comiss\u00e3o Parlamentar Mista de Inqu\u00e9rito (CPMI) do 8 de janeiro conseguiu autoriza\u00e7\u00e3o do Supremo Tribunal Federal (STF) para ter acesso \u00e0s imagens, mas [&hellip;]<\/p>\n","protected":false},"author":2,"featured_media":16884,"comment_status":"open","ping_status":"open","sticky":false,"template":"","format":"standard","meta":[],"categories":[10],"tags":[],"_links":{"self":[{"href":"https:\/\/dgospel.com.br\/portal\/index.php\/wp-json\/wp\/v2\/posts\/16883"}],"collection":[{"href":"https:\/\/dgospel.com.br\/portal\/index.php\/wp-json\/wp\/v2\/posts"}],"about":[{"href":"https:\/\/dgospel.com.br\/portal\/index.php\/wp-json\/wp\/v2\/types\/post"}],"author":[{"embeddable":true,"href":"https:\/\/dgospel.com.br\/portal\/index.php\/wp-json\/wp\/v2\/users\/2"}],"replies":[{"embeddable":true,"href":"https:\/\/dgospel.com.br\/portal\/index.php\/wp-json\/wp\/v2\/comments?post=16883"}],"version-history":[{"count":1,"href":"https:\/\/dgospel.com.br\/portal\/index.php\/wp-json\/wp\/v2\/posts\/16883\/revisions"}],"predecessor-version":[{"id":16885,"href":"https:\/\/dgospel.com.br\/portal\/index.php\/wp-json\/wp\/v2\/posts\/16883\/revisions\/16885"}],"wp:featuredmedia":[{"embeddable":true,"href":"https:\/\/dgospel.com.br\/portal\/index.php\/wp-json\/wp\/v2\/media\/16884"}],"wp:attachment":[{"href":"https:\/\/dgospel.com.br\/portal\/index.php\/wp-json\/wp\/v2\/media?parent=16883"}],"wp:term":[{"taxonomy":"category","embeddable":true,"href":"https:\/\/dgospel.com.br\/portal\/index.php\/wp-json\/wp\/v2\/categories?post=16883"},{"taxonomy":"post_tag","embeddable":true,"href":"https:\/\/dgospel.com.br\/portal\/index.php\/wp-json\/wp\/v2\/tags?post=16883"}],"curies":[{"name":"wp","href":"https:\/\/api.w.org\/{rel}","templated":true}]}}