{"id":16886,"date":"2023-08-30T11:40:10","date_gmt":"2023-08-30T14:40:10","guid":{"rendered":"http:\/\/dgospel.com.br\/portal\/?p=16886"},"modified":"2023-08-30T11:40:11","modified_gmt":"2023-08-30T14:40:11","slug":"zelensky-critica-lula-guerra-e-na-ucrania-nao-no-brasil","status":"publish","type":"post","link":"https:\/\/dgospel.com.br\/portal\/index.php\/2023\/08\/30\/zelensky-critica-lula-guerra-e-na-ucrania-nao-no-brasil\/","title":{"rendered":"Zelensky critica Lula: \u201cGuerra \u00e9 na Ucr\u00e2nia, n\u00e3o no Brasil\u201d"},"content":{"rendered":"\n<p>O presidente da Ucr\u00e2nia, Volodymyr Zelensky, criticou a posi\u00e7\u00e3o do presidente Luiz In\u00e1cio Lula da Silva (PT) sobre a guerra em seu pa\u00eds e recha\u00e7ou solu\u00e7\u00f5es de paz que impliquem na cess\u00e3o de territ\u00f3rio ucraniano.<\/p>\n\n\n\n<p>\u2013 Quando falamos de uma f\u00f3rmula unilateral ou multilateral, devemos ser justos. E o presidente Lula deve entender claramente que a guerra \u00e9 na Ucr\u00e2nia e n\u00e3o na R\u00fassia. Nem no Brasil, nem na \u00c1frica, nem nos Estados Unidos \u2013 afirmou Zelensky, em entrevista \u00e0 emissora estatal portuguesa RTP.<\/p>\n\n\n\n<p>O presidente ucraniano opinou ainda que \u201cpara dizer algo \u00e9 preciso compreender quem \u00e9 a v\u00edtima e quem \u00e9 o agressor\u201d e que a solu\u00e7\u00e3o para a paz \u201cn\u00e3o \u00e9 uma f\u00f3rmula unilateral\u201d, mas sim do \u201cpa\u00eds que sofre\u201d.<\/p>\n\n\n\n<p>As propostas de paz que implicam na cess\u00e3o de territ\u00f3rio \u00e0 R\u00fassia n\u00e3o s\u00e3o \u201ccoerentes\u201d, acrescentou o presidente ucraniano.<\/p>\n\n\n\n<p>\u2013 N\u00e3o \u00e9 compat\u00edvel com o respeito pela nossa integridade territorial e soberania (\u2026). As pessoas devem respeitar os territ\u00f3rios dos Estados independentes \u2013 completou.<\/p>\n\n\n\n<p>A posi\u00e7\u00e3o de Lula, apesar de sua condena\u00e7\u00e3o \u00e0 invas\u00e3o russa, j\u00e1 havia sido criticada pela Ucr\u00e2nia, por considerar que coloca a responsabilidade em ambas as partes, al\u00e9m de sugerir que uma sa\u00edda do conflito poderia ser a cess\u00e3o de territ\u00f3rio \u00e0 R\u00fassia.<\/p>\n\n\n\n<p>Na entrevista \u00e0 RTP, que ser\u00e1 transmitida na \u00edntegra na noite desta ter\u00e7a-feira (29), Zelensky elogiou o presidente portugu\u00eas, Marcelo Rebelo de Sousa, por ter proferido um discurso em ucraniano na semana passada, durante sua visita a Kiev.<\/p>\n\n\n\n<p>\u2013 Isso significa respeito pela Ucr\u00e2nia da parte dele e n\u00f3s apreciamos muito isso \u2013 comentou.<\/p>\n\n\n\n<p>*EFE<\/p>\n","protected":false},"excerpt":{"rendered":"<p>O presidente da Ucr\u00e2nia, Volodymyr Zelensky, criticou a posi\u00e7\u00e3o do presidente Luiz In\u00e1cio Lula da Silva (PT) sobre a guerra em seu pa\u00eds e recha\u00e7ou solu\u00e7\u00f5es de paz que impliquem na cess\u00e3o de territ\u00f3rio ucraniano. \u2013 Quando falamos de uma f\u00f3rmula unilateral ou multilateral, devemos ser justos. E o presidente Lula deve entender claramente que [&hellip;]<\/p>\n","protected":false},"author":2,"featured_media":16887,"comment_status":"open","ping_status":"open","sticky":false,"template":"","format":"standard","meta":[],"categories":[16],"tags":[],"_links":{"self":[{"href":"https:\/\/dgospel.com.br\/portal\/index.php\/wp-json\/wp\/v2\/posts\/16886"}],"collection":[{"href":"https:\/\/dgospel.com.br\/portal\/index.php\/wp-json\/wp\/v2\/posts"}],"about":[{"href":"https:\/\/dgospel.com.br\/portal\/index.php\/wp-json\/wp\/v2\/types\/post"}],"author":[{"embeddable":true,"href":"https:\/\/dgospel.com.br\/portal\/index.php\/wp-json\/wp\/v2\/users\/2"}],"replies":[{"embeddable":true,"href":"https:\/\/dgospel.com.br\/portal\/index.php\/wp-json\/wp\/v2\/comments?post=16886"}],"version-history":[{"count":1,"href":"https:\/\/dgospel.com.br\/portal\/index.php\/wp-json\/wp\/v2\/posts\/16886\/revisions"}],"predecessor-version":[{"id":16888,"href":"https:\/\/dgospel.com.br\/portal\/index.php\/wp-json\/wp\/v2\/posts\/16886\/revisions\/16888"}],"wp:featuredmedia":[{"embeddable":true,"href":"https:\/\/dgospel.com.br\/portal\/index.php\/wp-json\/wp\/v2\/media\/16887"}],"wp:attachment":[{"href":"https:\/\/dgospel.com.br\/portal\/index.php\/wp-json\/wp\/v2\/media?parent=16886"}],"wp:term":[{"taxonomy":"category","embeddable":true,"href":"https:\/\/dgospel.com.br\/portal\/index.php\/wp-json\/wp\/v2\/categories?post=16886"},{"taxonomy":"post_tag","embeddable":true,"href":"https:\/\/dgospel.com.br\/portal\/index.php\/wp-json\/wp\/v2\/tags?post=16886"}],"curies":[{"name":"wp","href":"https:\/\/api.w.org\/{rel}","templated":true}]}}