{"id":16896,"date":"2023-08-30T16:42:14","date_gmt":"2023-08-30T19:42:14","guid":{"rendered":"http:\/\/dgospel.com.br\/portal\/?p=16896"},"modified":"2023-08-30T16:42:16","modified_gmt":"2023-08-30T19:42:16","slug":"governo-do-tocantins-contempla-policia-penal-com-o-programa-mesa-farta-para-fomento-da-olericultura-nas-unidades-penais","status":"publish","type":"post","link":"https:\/\/dgospel.com.br\/portal\/index.php\/2023\/08\/30\/governo-do-tocantins-contempla-policia-penal-com-o-programa-mesa-farta-para-fomento-da-olericultura-nas-unidades-penais\/","title":{"rendered":"Governo do Tocantins contempla Pol\u00edcia Penal com o Programa Mesa Farta para fomento da olericultura nas unidades penais"},"content":{"rendered":"\n<p>A Pol\u00edcia Penal do Tocantins foi contemplada nessa ter\u00e7a-feira, 29, com o&nbsp;<a href=\"https:\/\/www.to.gov.br\/secom\/noticias\/governador-wanderlei-barbosa-anuncia-programa-mesa-farta-que-ira-beneficiar-8-mil-familias-da-agricultura-familiar\/2q4kn4n70u2p\">Programa Mesa Farta<\/a>&nbsp;do Governo do Tocantins que realiza a distribui\u00e7\u00e3o de 2,2 toneladas de sementes a agricultores familiares em todos os 139 munic\u00edpios do Estado, beneficiando cerca de 8 mil fam\u00edlias com perfis de produ\u00e7\u00e3o agr\u00edcola.<\/p>\n\n\n\n<p>O benef\u00edcio ao Programa foi poss\u00edvel gra\u00e7as \u00e0s parcerias firmadas entre a Ger\u00eancia de Reintegra\u00e7\u00e3o Social, Trabalho e Renda ao Preso e Egresso com a Secretaria de Estado da Agricultura e Pecu\u00e1ria (Seagro), o Instituto de Desenvolvimento Rural do Tocantins (Ruraltins) e o Instituto Natureza do Tocantins (Naturatins) para fomentar as hortas que j\u00e1 s\u00e3o desenvolvidas nas unidades penais, como na Fazenda Agropecu\u00e1ria Penal de Cariri do Tocantins que recebeu kits.<\/p>\n\n\n\n<p>O chefe da Fazenda Penal, Paulo S\u00e9rgio, falou sobre o apoio do Governo \u00e0s a\u00e7\u00f5es desenvolvidas pelo Sistema Penal. \u201c\u00c9 muito satisfat\u00f3rio receber mais esse incentivo do Governo que vai possibilitar aos presos mais trabalho, gera\u00e7\u00e3o de renda, al\u00e9m da produ\u00e7\u00e3o para uso pr\u00f3prio, desde o plantio at\u00e9 a colheita\u201d, destacou.<\/p>\n\n\n\n<p><strong>Formatura<\/strong><\/p>\n\n\n\n<p>Ainda durante a ades\u00e3o ao Programa, foram entregues certificados a custodiados que conclu\u00edram os cursos de suinocultura e de manejo de mandioca promovidos em parceria com o Servi\u00e7o Nacional de Aprendizagem Rural (Senar) e firmadas novas parcerias para novos cursos usando as sementes e adubos recebidos no kit Mesa Farta.<\/p>\n\n\n\n<p>Marcaram presen\u00e7a no evento, o superintendente do Sistema Penal, Rog\u00e9rio Gomes; o gerente de Reintegra\u00e7\u00e3o Social, Trabalho e Renda ao Preso e Egresso, Dilson Junior; o coordenador do Trabalho do Preso, Norton Netto; o chefe da Unidade de tratamento penal de Cariri, Marcos Porto; a chefe da Unidade Penal Feminina de Talism\u00e3, Cristiane Dias; \u00a0os vereadores de Cariri, Joaquim Nadir Ribeiro, Vanusa Ribeiro; o tenente-coronel do Corpo de Bombeiros Militar de Gurupi, Wesley Costa; o defensor p\u00fablico Leandro de Oliviera Godim; o coordenador Regional do Senai Tocantins, Marcelo Borges; o supervisor Ruraltins de Gurupi, Winderson Furtado; a diretora da Escola Tarsso Dutra de Cariri, Nair Cara\u00e7a.<\/p>\n\n\n\n<p><img src=\"https:\/\/central.to.gov.br\/image\/344812?w=670&amp;h=383\"><\/p>\n\n\n\n<p>Ainda durante o evento, tamb\u00e9m foram entregues certificados a custodiados que conclu\u00edram os cursos de suinocultura e de manejo de mandioca &#8211; Seciju\/Governo do Tocantins&nbsp;<\/p>\n","protected":false},"excerpt":{"rendered":"<p>A Pol\u00edcia Penal do Tocantins foi contemplada nessa ter\u00e7a-feira, 29, com o&nbsp;Programa Mesa Farta&nbsp;do Governo do Tocantins que realiza a distribui\u00e7\u00e3o de 2,2 toneladas de sementes a agricultores familiares em todos os 139 munic\u00edpios do Estado, beneficiando cerca de 8 mil fam\u00edlias com perfis de produ\u00e7\u00e3o agr\u00edcola. O benef\u00edcio ao Programa foi poss\u00edvel gra\u00e7as \u00e0s [&hellip;]<\/p>\n","protected":false},"author":2,"featured_media":16897,"comment_status":"open","ping_status":"open","sticky":false,"template":"","format":"standard","meta":[],"categories":[3],"tags":[13],"_links":{"self":[{"href":"https:\/\/dgospel.com.br\/portal\/index.php\/wp-json\/wp\/v2\/posts\/16896"}],"collection":[{"href":"https:\/\/dgospel.com.br\/portal\/index.php\/wp-json\/wp\/v2\/posts"}],"about":[{"href":"https:\/\/dgospel.com.br\/portal\/index.php\/wp-json\/wp\/v2\/types\/post"}],"author":[{"embeddable":true,"href":"https:\/\/dgospel.com.br\/portal\/index.php\/wp-json\/wp\/v2\/users\/2"}],"replies":[{"embeddable":true,"href":"https:\/\/dgospel.com.br\/portal\/index.php\/wp-json\/wp\/v2\/comments?post=16896"}],"version-history":[{"count":1,"href":"https:\/\/dgospel.com.br\/portal\/index.php\/wp-json\/wp\/v2\/posts\/16896\/revisions"}],"predecessor-version":[{"id":16898,"href":"https:\/\/dgospel.com.br\/portal\/index.php\/wp-json\/wp\/v2\/posts\/16896\/revisions\/16898"}],"wp:featuredmedia":[{"embeddable":true,"href":"https:\/\/dgospel.com.br\/portal\/index.php\/wp-json\/wp\/v2\/media\/16897"}],"wp:attachment":[{"href":"https:\/\/dgospel.com.br\/portal\/index.php\/wp-json\/wp\/v2\/media?parent=16896"}],"wp:term":[{"taxonomy":"category","embeddable":true,"href":"https:\/\/dgospel.com.br\/portal\/index.php\/wp-json\/wp\/v2\/categories?post=16896"},{"taxonomy":"post_tag","embeddable":true,"href":"https:\/\/dgospel.com.br\/portal\/index.php\/wp-json\/wp\/v2\/tags?post=16896"}],"curies":[{"name":"wp","href":"https:\/\/api.w.org\/{rel}","templated":true}]}}