{"id":169,"date":"2018-05-15T23:41:52","date_gmt":"2018-05-16T02:41:52","guid":{"rendered":"http:\/\/dgospel.com.br\/portal\/?p=169"},"modified":"2018-05-15T23:41:52","modified_gmt":"2018-05-16T02:41:52","slug":"tre-to-nega-registro-de-candidatura-de-amastha-ao-governo-do-estado","status":"publish","type":"post","link":"https:\/\/dgospel.com.br\/portal\/index.php\/2018\/05\/15\/tre-to-nega-registro-de-candidatura-de-amastha-ao-governo-do-estado\/","title":{"rendered":"TRE-TO nega registro de candidatura de Amastha ao governo do Estado"},"content":{"rendered":"<p>O Tribunal Regional Eleitoral do Tocantins (TRE-TO) indeferiu no final da tarde desta ter\u00e7a-feira, 15, por 5 votos a 1, o pedido de registro de candidatura do ex-prefeito de Palmas Carlos Amastha (PSB), da coliga\u00e7\u00e3o \u201cA Verdadeira Mudan\u00e7a\u201d. Apesar do parecer favor\u00e1vel do relator, juiz Agenor Alexandre da Silva, e da Procuradoria Regional Eleitoral (PRE), a maioria dos desembargadores e juizes da Corte conclu\u00edram que prazo constitucional n\u00e3o pode ser mitigado.<\/p>\n<p>Amastha renunciou no dia 3 de abril, mas a Constitui\u00e7\u00e3o Federal exige seis meses de desincompatbiliza\u00e7\u00e3o. O julgamento foi suspenso nessa segunda-feira, 14, com pedido de vista do juiz Rubem Ribeiro de Carvalho. Ele ficou de apresentar o voto pela manh\u00e3, mas s\u00f3 fez nesta tarde.<\/p>\n<p>A impugna\u00e7\u00e3o de Amastha foi pedida pelo candidato M\u00e1rlon Reis (Rede) e pelas coliga\u00e7\u00f5es \u201c\u00c9 a Vez dos Tocantinenses\u201d, de Vicentinho Alves (PR), \u201cReconstruindo o Tocantins\u201d, de K\u00e1tia Abreu, e \u201cGoverno de Atitude\u201d, de Mauro Carlesse (PHS).<\/p>\n<p>O procurador regional eleitoral do Tocantins, \u00c1lvaro Manzano, opinou no dia 7 pela improced\u00eancia das impugna\u00e7\u00f5es. Para ele, numa elei\u00e7\u00e3o suplementar, \u00e9 \u201cposs\u00edvel a mitiga\u00e7\u00e3o dos prazos de desincompatibiliza\u00e7\u00e3o, em raz\u00e3o de tratar de situa\u00e7\u00e3o excepcional, marcada especialmente pela\u00a0urg\u00eancia e imprevisibilidade\u201d. \u201cIsso porque, no caso de elei\u00e7\u00f5es suplementares, como n\u00e3o havia sequer previs\u00e3o de sua realiza\u00e7\u00e3o, n\u00e3o seria poss\u00edvel ao ora requerente fazer uso do cargo para beneficiar-se\u201d, justificou Manzano. Nessa segunda, o relator da mat\u00e9ria seguiu o mesmo racioc\u00ednio, mas seus colegas de TRE-TO entenderam que a Constitui\u00e7\u00e3o n\u00e3o pode ser alterada, mesmo em caso de situa\u00e7\u00e3o excepcional, como esta elei\u00e7\u00e3o suplementar.<\/p>\n<p>Amastha ainda pode recorrer da decis\u00e3o.<\/p>\n<p><strong>Nome deferido<\/strong><br \/>\nO candidato a vice-governador C\u00e9lio Moura (PT) teve o registro deferido pelo TRE-TO. Nessa segunda-feira, a Corte Eleitoral tamb\u00e9m havia aprovado a\u00a0manuten\u00e7\u00e3o do PT na coliga\u00e7\u00e3o do ex-prefeito da Capital.<\/p>\n<p>&nbsp;<\/p>\n<p>Fonte:\u00a0clebertoledo<\/p>\n","protected":false},"excerpt":{"rendered":"<p>O Tribunal Regional Eleitoral do Tocantins (TRE-TO) indeferiu no final da tarde desta ter\u00e7a-feira, 15, por 5 votos a 1, o pedido de registro de candidatura do ex-prefeito de Palmas Carlos Amastha (PSB), da coliga\u00e7\u00e3o \u201cA Verdadeira Mudan\u00e7a\u201d. Apesar do parecer favor\u00e1vel do relator, juiz Agenor Alexandre da Silva, e da Procuradoria Regional Eleitoral (PRE), [&hellip;]<\/p>\n","protected":false},"author":2,"featured_media":170,"comment_status":"open","ping_status":"open","sticky":false,"template":"","format":"standard","meta":[],"categories":[2,4],"tags":[],"_links":{"self":[{"href":"https:\/\/dgospel.com.br\/portal\/index.php\/wp-json\/wp\/v2\/posts\/169"}],"collection":[{"href":"https:\/\/dgospel.com.br\/portal\/index.php\/wp-json\/wp\/v2\/posts"}],"about":[{"href":"https:\/\/dgospel.com.br\/portal\/index.php\/wp-json\/wp\/v2\/types\/post"}],"author":[{"embeddable":true,"href":"https:\/\/dgospel.com.br\/portal\/index.php\/wp-json\/wp\/v2\/users\/2"}],"replies":[{"embeddable":true,"href":"https:\/\/dgospel.com.br\/portal\/index.php\/wp-json\/wp\/v2\/comments?post=169"}],"version-history":[{"count":1,"href":"https:\/\/dgospel.com.br\/portal\/index.php\/wp-json\/wp\/v2\/posts\/169\/revisions"}],"predecessor-version":[{"id":171,"href":"https:\/\/dgospel.com.br\/portal\/index.php\/wp-json\/wp\/v2\/posts\/169\/revisions\/171"}],"wp:featuredmedia":[{"embeddable":true,"href":"https:\/\/dgospel.com.br\/portal\/index.php\/wp-json\/wp\/v2\/media\/170"}],"wp:attachment":[{"href":"https:\/\/dgospel.com.br\/portal\/index.php\/wp-json\/wp\/v2\/media?parent=169"}],"wp:term":[{"taxonomy":"category","embeddable":true,"href":"https:\/\/dgospel.com.br\/portal\/index.php\/wp-json\/wp\/v2\/categories?post=169"},{"taxonomy":"post_tag","embeddable":true,"href":"https:\/\/dgospel.com.br\/portal\/index.php\/wp-json\/wp\/v2\/tags?post=169"}],"curies":[{"name":"wp","href":"https:\/\/api.w.org\/{rel}","templated":true}]}}