{"id":16902,"date":"2023-08-30T17:05:30","date_gmt":"2023-08-30T20:05:30","guid":{"rendered":"http:\/\/dgospel.com.br\/portal\/?p=16902"},"modified":"2023-08-30T17:05:32","modified_gmt":"2023-08-30T20:05:32","slug":"em-resolucao-pt-defende-um-4-mandato-de-lula-e-alfineta-zanin","status":"publish","type":"post","link":"https:\/\/dgospel.com.br\/portal\/index.php\/2023\/08\/30\/em-resolucao-pt-defende-um-4-mandato-de-lula-e-alfineta-zanin\/","title":{"rendered":"Em resolu\u00e7\u00e3o, PT defende um 4\u00b0 mandato de Lula e alfineta Zanin"},"content":{"rendered":"\n<p>Como resultado da reuni\u00e3o do Diret\u00f3rio Nacional realizada na \u00faltima segunda-feira (28), o Partido dos Trabalhadores (PT) elaborou uma resolu\u00e7\u00e3o com 37 pontos que trazem recados velados a figuras pol\u00edticas e defendem abertamente a reelei\u00e7\u00e3o do ex-presidente Luiz In\u00e1cio Lula da Silva (PT).<\/p>\n\n\n\n<p>De acordo com informa\u00e7\u00f5es do portal G1, um poss\u00edvel quarto mandato do petista \u00e9 mencionado explicitamente tr\u00eas vezes no documento: no primeiro t\u00f3pico, no 29\u00b0 e no 37\u00b0.<\/p>\n\n\n\n<p>\u2013 As elei\u00e7\u00f5es municipais de 2024 demarcam um momento estrat\u00e9gico para a constru\u00e7\u00e3o de uma s\u00f3lida alian\u00e7a popular e democr\u00e1tica que promova a recondu\u00e7\u00e3o do governo Lula em 2026 \u2013 inicia o documento.<\/p>\n\n\n\n<p>Na sequ\u00eancia, o texto defende que o terceiro mandato do petista \u201cprepara as bases\u201d para um \u201cquarto governo Lula\u201d. J\u00e1 no \u00faltimo t\u00f3pico, o PT refor\u00e7a o apelo ao defender que haja \u201cmobiliza\u00e7\u00e3o social\u201d nos munic\u00edpios para \u201creeleger Lula em 2026\u201d.<\/p>\n\n\n\n<p>O relat\u00f3rio ainda direciona um recado subliminar ao novo ministro do STF nomeado por Lula, Cristiano Zanin. O partido teme que o magistrado vote a favor do marco temporal, confirmando um suposto posicionamento conservador e revoltando a milit\u00e2ncia.<\/p>\n\n\n\n<p>O tema \u00e9 abordado no t\u00f3pico 13, n\u00famero oficial da sigla, e embora n\u00e3o traga men\u00e7\u00e3o direta a Zanin, fontes do PT disseram ao G1 que \u00e9 um recado n\u00edtido ao ministro.<\/p>\n\n\n\n<p>\u2013 No momento em que o STF deve retomar o julgamento do \u201cmarco temporal\u201d, manifestamos a expectativa de que a Suprema Corte reafirme os direitos dos povos ind\u00edgenas, como ocorreu em decis\u00f5es anteriores. Esta expectativa de uma atua\u00e7\u00e3o em defesa da civiliza\u00e7\u00e3o \u00e9 refor\u00e7ada por recentes decis\u00f5es e avan\u00e7os do STF neste sentido. S\u00e3o eles: a equipara\u00e7\u00e3o da ofensa contra pessoas LGBTQIA+ ao crime de inj\u00faria racial; a abertura de a\u00e7\u00e3o sobre a viol\u00eancia contra povos ind\u00edgenas Guarani-Kaiowa pela Pol\u00edcia Militar de Mato Grosso do Sul; a manuten\u00e7\u00e3o, ainda que parcialmente, do princ\u00edpio da insignific\u00e2ncia e o avan\u00e7o na descriminaliza\u00e7\u00e3o do porte de cannabis para uso pessoal, passo importante para a mudan\u00e7a na equivocada e letal pol\u00edtica de guerra \u00e0s drogas \u2013 diz o texto.<\/p>\n\n\n\n<p>Vale lembrar que Zanin votou contr\u00e1rio a equiparar homofobia com inj\u00faria racial, contra descriminalizar o porte de maconha para uso pessoal e contra reconhecer viol\u00eancia policial contra os povos Guarani Kaiow\u00e1, despertando insatisfa\u00e7\u00e3o na esquerda.<\/p>\n\n\n\n<p>O documento ainda menciona, no item 12, os \u00edndices de letalidade ocasionadas pela pol\u00edcia, em reflex\u00e3o que foi interpretada como uma mensagem ao ministro da Casa Civil, Rui Costa. Rui foi governador da Bahia nos anos anteriores, e o PT comanda o estado desde 2007. Ainda assim, a Bahia n\u00fameros altos de mortes ocasionadas pela Pol\u00edcia Militar, o que gerou recentemente inc\u00f4modo no partido e em movimentos de esquerda.<\/p>\n\n\n\n<p>\u2013 A viol\u00eancia \u00e9 um m\u00e9todo inaceit\u00e1vel de a\u00e7\u00e3o por parte das pol\u00edcias estaduais, que atinge a popula\u00e7\u00e3o mais jovem, pobre e preta do nosso pa\u00eds, assim como tem incid\u00eancia nos pr\u00f3prios policiais. Os governadores t\u00eam a oportunidade e o desafio, junto com o governo federal, de mudar situa\u00e7\u00f5es como essas, buscando enfrentar as organiza\u00e7\u00f5es criminosas com base numa pol\u00edtica maior de intelig\u00eancia e investiga\u00e7\u00e3o \u2013 defende o texto.<\/p>\n","protected":false},"excerpt":{"rendered":"<p>Como resultado da reuni\u00e3o do Diret\u00f3rio Nacional realizada na \u00faltima segunda-feira (28), o Partido dos Trabalhadores (PT) elaborou uma resolu\u00e7\u00e3o com 37 pontos que trazem recados velados a figuras pol\u00edticas e defendem abertamente a reelei\u00e7\u00e3o do ex-presidente Luiz In\u00e1cio Lula da Silva (PT). De acordo com informa\u00e7\u00f5es do portal G1, um poss\u00edvel quarto mandato do [&hellip;]<\/p>\n","protected":false},"author":2,"featured_media":16903,"comment_status":"open","ping_status":"open","sticky":false,"template":"","format":"standard","meta":[],"categories":[10],"tags":[],"_links":{"self":[{"href":"https:\/\/dgospel.com.br\/portal\/index.php\/wp-json\/wp\/v2\/posts\/16902"}],"collection":[{"href":"https:\/\/dgospel.com.br\/portal\/index.php\/wp-json\/wp\/v2\/posts"}],"about":[{"href":"https:\/\/dgospel.com.br\/portal\/index.php\/wp-json\/wp\/v2\/types\/post"}],"author":[{"embeddable":true,"href":"https:\/\/dgospel.com.br\/portal\/index.php\/wp-json\/wp\/v2\/users\/2"}],"replies":[{"embeddable":true,"href":"https:\/\/dgospel.com.br\/portal\/index.php\/wp-json\/wp\/v2\/comments?post=16902"}],"version-history":[{"count":1,"href":"https:\/\/dgospel.com.br\/portal\/index.php\/wp-json\/wp\/v2\/posts\/16902\/revisions"}],"predecessor-version":[{"id":16904,"href":"https:\/\/dgospel.com.br\/portal\/index.php\/wp-json\/wp\/v2\/posts\/16902\/revisions\/16904"}],"wp:featuredmedia":[{"embeddable":true,"href":"https:\/\/dgospel.com.br\/portal\/index.php\/wp-json\/wp\/v2\/media\/16903"}],"wp:attachment":[{"href":"https:\/\/dgospel.com.br\/portal\/index.php\/wp-json\/wp\/v2\/media?parent=16902"}],"wp:term":[{"taxonomy":"category","embeddable":true,"href":"https:\/\/dgospel.com.br\/portal\/index.php\/wp-json\/wp\/v2\/categories?post=16902"},{"taxonomy":"post_tag","embeddable":true,"href":"https:\/\/dgospel.com.br\/portal\/index.php\/wp-json\/wp\/v2\/tags?post=16902"}],"curies":[{"name":"wp","href":"https:\/\/api.w.org\/{rel}","templated":true}]}}