{"id":16905,"date":"2023-08-31T09:24:13","date_gmt":"2023-08-31T12:24:13","guid":{"rendered":"http:\/\/dgospel.com.br\/portal\/?p=16905"},"modified":"2023-08-31T09:24:14","modified_gmt":"2023-08-31T12:24:14","slug":"regis-danese-sofre-acidente-de-carro-e-pede-oracoes","status":"publish","type":"post","link":"https:\/\/dgospel.com.br\/portal\/index.php\/2023\/08\/31\/regis-danese-sofre-acidente-de-carro-e-pede-oracoes\/","title":{"rendered":"Regis Danese sofre acidente de carro e pede ora\u00e7\u00f5es"},"content":{"rendered":"\n<p>Regis Danese gravou um v\u00eddeo sendo socorrido, nesta quarta-feira (30), ap\u00f3s sofrer um acidente de carro. Com o rosto ferido, o cantor pede ora\u00e7\u00f5es.<\/p>\n\n\n\n<p>\u2013 Eu acabei de sofrer um acidente no caminho do show de Ceres [Goi\u00e1s]. Estou aqui sendo atendido. O carro arrebentou todo \u2013 afirmou.<\/p>\n\n\n\n<p>O int\u00e9rprete de Faz Um Milagre em Mim estava acompanhado de seu irm\u00e3o, Daniel Danese, que nada sofreu no acidente.<\/p>\n\n\n\n<p>\u2013 Orem por mim, estou com muita dor no abd\u00f4men, com o meu irm\u00e3o n\u00e3o aconteceu nada. Estou com muita dor aqui. Mas Deus \u00e9 bom e vai dar tudo certo, mas n\u00e3o vou conseguir fazer o show hoje.<\/p>\n\n\n\n<p><strong>Assista:<\/strong><\/p>\n\n\n\n<p><a href=\"https:\/\/www.instagram.com\/tv\/CwlYeFWvwY3\/?utm_source=ig_embed&amp;utm_campaign=loading\">https:\/\/www.instagram.com\/tv\/CwlYeFWvwY3\/?utm_source=ig_embed&amp;utm_campaign=loading<\/a><\/p>\n","protected":false},"excerpt":{"rendered":"<p>Regis Danese gravou um v\u00eddeo sendo socorrido, nesta quarta-feira (30), ap\u00f3s sofrer um acidente de carro. Com o rosto ferido, o cantor pede ora\u00e7\u00f5es. \u2013 Eu acabei de sofrer um acidente no caminho do show de Ceres [Goi\u00e1s]. Estou aqui sendo atendido. O carro arrebentou todo \u2013 afirmou. O int\u00e9rprete de Faz Um Milagre em [&hellip;]<\/p>\n","protected":false},"author":2,"featured_media":16906,"comment_status":"open","ping_status":"open","sticky":false,"template":"","format":"standard","meta":[],"categories":[5],"tags":[],"_links":{"self":[{"href":"https:\/\/dgospel.com.br\/portal\/index.php\/wp-json\/wp\/v2\/posts\/16905"}],"collection":[{"href":"https:\/\/dgospel.com.br\/portal\/index.php\/wp-json\/wp\/v2\/posts"}],"about":[{"href":"https:\/\/dgospel.com.br\/portal\/index.php\/wp-json\/wp\/v2\/types\/post"}],"author":[{"embeddable":true,"href":"https:\/\/dgospel.com.br\/portal\/index.php\/wp-json\/wp\/v2\/users\/2"}],"replies":[{"embeddable":true,"href":"https:\/\/dgospel.com.br\/portal\/index.php\/wp-json\/wp\/v2\/comments?post=16905"}],"version-history":[{"count":1,"href":"https:\/\/dgospel.com.br\/portal\/index.php\/wp-json\/wp\/v2\/posts\/16905\/revisions"}],"predecessor-version":[{"id":16907,"href":"https:\/\/dgospel.com.br\/portal\/index.php\/wp-json\/wp\/v2\/posts\/16905\/revisions\/16907"}],"wp:featuredmedia":[{"embeddable":true,"href":"https:\/\/dgospel.com.br\/portal\/index.php\/wp-json\/wp\/v2\/media\/16906"}],"wp:attachment":[{"href":"https:\/\/dgospel.com.br\/portal\/index.php\/wp-json\/wp\/v2\/media?parent=16905"}],"wp:term":[{"taxonomy":"category","embeddable":true,"href":"https:\/\/dgospel.com.br\/portal\/index.php\/wp-json\/wp\/v2\/categories?post=16905"},{"taxonomy":"post_tag","embeddable":true,"href":"https:\/\/dgospel.com.br\/portal\/index.php\/wp-json\/wp\/v2\/tags?post=16905"}],"curies":[{"name":"wp","href":"https:\/\/api.w.org\/{rel}","templated":true}]}}