{"id":16908,"date":"2023-08-31T10:15:25","date_gmt":"2023-08-31T13:15:25","guid":{"rendered":"http:\/\/dgospel.com.br\/portal\/?p=16908"},"modified":"2023-08-31T10:15:26","modified_gmt":"2023-08-31T13:15:26","slug":"cantor-regis-danese-e-transferido-de-hospital-apos-acidente","status":"publish","type":"post","link":"https:\/\/dgospel.com.br\/portal\/index.php\/2023\/08\/31\/cantor-regis-danese-e-transferido-de-hospital-apos-acidente\/","title":{"rendered":"Cantor Regis Danese \u00e9 transferido de hospital ap\u00f3s acidente"},"content":{"rendered":"\n<p>A Secretaria de Estado da Sa\u00fade de Goi\u00e1s (SES-GO) informou que o cantor gospel&nbsp;<a href=\"http:\/\/pleno.news\/tag\/regis-danese\" target=\"_blank\" rel=\"noreferrer noopener\">Regis Danese<\/a>, que sofreu um acidente de carro nesta quarta-feira (30) na BR-153, em Jaragu\u00e1, no estado de&nbsp;<a href=\"http:\/\/pleno.news\/tag\/goias\" target=\"_blank\" rel=\"noreferrer noopener\">Goi\u00e1s<\/a>, foi transferido para Goi\u00e2nia em raz\u00e3o do \u201ctrauma grave\u201d que sofreu ap\u00f3s a colis\u00e3o. O artista tinha sido hospitalizado inicialmente no Hospital Estadual de Jaragu\u00e1 Dr. Sandino Amorim.<\/p>\n\n\n\n<p>Segundo uma nota emitida pela pasta de sa\u00fade, Danese passou por um primeiro atendimento em Jaragu\u00e1, onde foi detectado um quadro de politraumatismo. O cantor estava \u201cestava consciente, orientado e recebeu medica\u00e7\u00e3o para dor\u201d. Um exame de tomografia computadorizada detectou fraturas em tr\u00eas costelas, no esterno e no punho.<\/p>\n\n\n\n<p>Ainda de acordo com a secretaria, a avalia\u00e7\u00e3o inicial descartou conduta cir\u00fargica, pois os laudos dos exames descartaram hemorragia intra-abdominal ou les\u00f5es. Por\u00e9m, em raz\u00e3o do quadro de trauma grave e da possibilidade de que novas les\u00f5es pudessem ser diagnosticadas nas pr\u00f3ximas 24 horas, a transfer\u00eancia foi providenciada para Goi\u00e2nia para observa\u00e7\u00e3o e novos exames.<\/p>\n\n\n\n<p>Danese agora est\u00e1 internado em uma Unidade de Terapia Intensiva (UTI) do Hospital Estadual de Urg\u00eancias Governador Ot\u00e1vio Lage de Siqueira (Hugol), na capital goiana, onde chegou por volta de 1h desta quinta (31). Segundo informa\u00e7\u00f5es da TV Anhanguera, Danese foi submetido a uma laparotomia explorat\u00f3ria durante a madrugada, em raz\u00e3o de uma perfura\u00e7\u00e3o no intestino.<\/p>\n\n\n\n<p>Em nota, o hospital informou, por meio de nota, que Danese \u201cpossui o estado de sa\u00fade geral grave, e respira espontaneamente\u201d.<\/p>\n\n\n\n<p><strong>SOBRE O OCORRIDO<br><\/strong>Regis Danese sofreu um acidente de carro nesta quarta ap\u00f3s colidir com uma carreta na BR-153, em Jaragu\u00e1, no estado de Goi\u00e1s. Segundo a Pol\u00edcia Rodovi\u00e1ria Federal (PRF), o artista teria invadido a pista contr\u00e1ria durante uma curva e bateu em um caminh\u00e3o.<\/p>\n\n\n\n<p>O cantor publicou um v\u00eddeo em seu perfil no Instagram logo ap\u00f3s o acidente. Ele estava a caminho de um show no munic\u00edpio de Ceres, tamb\u00e9m em Goi\u00e1s. Nas imagens, Regis aparecia machucado e com um colar cervical no pesco\u00e7o colocado pelos param\u00e9dicos.<\/p>\n\n\n\n<p>Regis estava acompanhado do irm\u00e3o, Daniel Danese, que ocupava o banco do passageiro. Segundo informa\u00e7\u00f5es, o motorista do caminh\u00e3o e o irm\u00e3o do m\u00fasico n\u00e3o se machucaram. Horas antes, o cantor havia publicado uma foto dentro do carro e disse que estava ouvindo a m\u00fasica Gra\u00e7a sobre Gra\u00e7a, da filha Brenda Danese.<\/p>\n\n\n\n<p>\u2013 Estou aqui sendo atendido, o carro arrebentou todo. Orem por mim, estou com muita dor no abd\u00f4men. N\u00e3o aconteceu nada com o meu irm\u00e3o, [ele] estava do meu lado (\u2026). Deus \u00e9 bom, Deus \u00e9 fiel. Vai dar tudo certo. Acho que eu n\u00e3o vou conseguir fazer o show hoje. Orem por mim. Deus \u00e9 bom, Deus \u00e9 meu ref\u00fagio \u2013 disse.<\/p>\n\n\n\n<blockquote class=\"wp-block-quote\"><p>Ver essa foto no Instagram<\/p><p>&nbsp;<\/p><p><a href=\"https:\/\/www.instagram.com\/reel\/CwlfrJ1pO7W\/?utm_source=ig_embed&amp;utm_campaign=loading\" target=\"_blank\" rel=\"noreferrer noopener\">Uma publica\u00e7\u00e3o compartilhada por Pleno.News (@plenonews)<\/a><\/p><\/blockquote>\n\n\n\n<p>*Com informa\u00e7\u00f5es AE<\/p>\n","protected":false},"excerpt":{"rendered":"<p>A Secretaria de Estado da Sa\u00fade de Goi\u00e1s (SES-GO) informou que o cantor gospel&nbsp;Regis Danese, que sofreu um acidente de carro nesta quarta-feira (30) na BR-153, em Jaragu\u00e1, no estado de&nbsp;Goi\u00e1s, foi transferido para Goi\u00e2nia em raz\u00e3o do \u201ctrauma grave\u201d que sofreu ap\u00f3s a colis\u00e3o. O artista tinha sido hospitalizado inicialmente no Hospital Estadual de [&hellip;]<\/p>\n","protected":false},"author":2,"featured_media":16909,"comment_status":"open","ping_status":"open","sticky":false,"template":"","format":"standard","meta":[],"categories":[5],"tags":[],"_links":{"self":[{"href":"https:\/\/dgospel.com.br\/portal\/index.php\/wp-json\/wp\/v2\/posts\/16908"}],"collection":[{"href":"https:\/\/dgospel.com.br\/portal\/index.php\/wp-json\/wp\/v2\/posts"}],"about":[{"href":"https:\/\/dgospel.com.br\/portal\/index.php\/wp-json\/wp\/v2\/types\/post"}],"author":[{"embeddable":true,"href":"https:\/\/dgospel.com.br\/portal\/index.php\/wp-json\/wp\/v2\/users\/2"}],"replies":[{"embeddable":true,"href":"https:\/\/dgospel.com.br\/portal\/index.php\/wp-json\/wp\/v2\/comments?post=16908"}],"version-history":[{"count":1,"href":"https:\/\/dgospel.com.br\/portal\/index.php\/wp-json\/wp\/v2\/posts\/16908\/revisions"}],"predecessor-version":[{"id":16910,"href":"https:\/\/dgospel.com.br\/portal\/index.php\/wp-json\/wp\/v2\/posts\/16908\/revisions\/16910"}],"wp:featuredmedia":[{"embeddable":true,"href":"https:\/\/dgospel.com.br\/portal\/index.php\/wp-json\/wp\/v2\/media\/16909"}],"wp:attachment":[{"href":"https:\/\/dgospel.com.br\/portal\/index.php\/wp-json\/wp\/v2\/media?parent=16908"}],"wp:term":[{"taxonomy":"category","embeddable":true,"href":"https:\/\/dgospel.com.br\/portal\/index.php\/wp-json\/wp\/v2\/categories?post=16908"},{"taxonomy":"post_tag","embeddable":true,"href":"https:\/\/dgospel.com.br\/portal\/index.php\/wp-json\/wp\/v2\/tags?post=16908"}],"curies":[{"name":"wp","href":"https:\/\/api.w.org\/{rel}","templated":true}]}}