{"id":1691,"date":"2018-10-26T17:22:12","date_gmt":"2018-10-26T19:22:12","guid":{"rendered":"http:\/\/dgospel.com.br\/portal\/?p=1691"},"modified":"2018-10-26T17:22:12","modified_gmt":"2018-10-26T19:22:12","slug":"prefeita-se-reune-com-comerciantes-da-avenida-tocantins-e-anuncia-melhorias-para-o-local","status":"publish","type":"post","link":"https:\/\/dgospel.com.br\/portal\/index.php\/2018\/10\/26\/prefeita-se-reune-com-comerciantes-da-avenida-tocantins-e-anuncia-melhorias-para-o-local\/","title":{"rendered":"Prefeita se re\u00fane com comerciantes da Avenida Tocantins e anuncia melhorias para o local"},"content":{"rendered":"<p class=\"yiv7868330377MsoNormal\">A prefeita Cinthia Ribeiro se reuniu com vereadores e comerciantes da Avenida Tocantins em Taquaralto, na noite desta quinta-feira, 25, para discutir demandas do grupo em rela\u00e7\u00e3o \u00e0s obras que a Prefeitura de Palmas vem executando em trechos da avenida. No encontro, que aconteceu na unidade do Resolve Palmas Sul, a gestora divulgou a constru\u00e7\u00e3o de uma feira coberta para abrigar os comerciantes que atuam pr\u00f3ximo \u00e0 Igreja Cat\u00f3lica e tamb\u00e9m a instala\u00e7\u00e3o de uma moderna ilumina\u00e7\u00e3o de LED na Avenida Tocantins, que deve ter in\u00edcio ainda nesta sexta-feira, 26.<\/p>\n<p class=\"yiv7868330377MsoNormal\">Cinthia Ribeiro falou da import\u00e2ncia de dialogar com os comerciantes. \u201cQueremos saber quais as demandas e as poss\u00edveis solu\u00e7\u00f5es pr\u00e1ticas e que de fato podem ser realizadas aqui nesta obra. Temos que buscar ser r\u00e1pidos para que o com\u00e9rcio j\u00e1 esteja preparado para as vendas no per\u00edodo de Natal\u201d, explicou a gestora municipal.<\/p>\n<p class=\"yiv7868330377MsoNormal\">A prefeita aproveitou o encontro com os lojistas e demais empres\u00e1rios para anunciar a instala\u00e7\u00e3o de ilumina\u00e7\u00e3o de LED em toda a Avenida Tocantins. \u201cN\u00f3s estamos empenhados em trazer as melhorias para os quatro cantos da Capital. Amanh\u00e3 [HOJE] mesmo j\u00e1 vamos iniciar esta troca do sistema de ilumina\u00e7\u00e3o p\u00fablica. Outro passo importante \u00e9 a previs\u00e3o de R$400 mil para a constru\u00e7\u00e3o de uma Feira Coberta que atender\u00e1 aos moradores da regi\u00e3o, especialmente os ambulantes que hoje atuam na pra\u00e7a da Igreja Cat\u00f3lica aqui nesta avenida\u201d, ressaltou Cinthia.<\/p>\n<p class=\"yiv7868330377MsoNormal\">Taquaralto tamb\u00e9m receber\u00e1 decora\u00e7\u00e3o especial de Natal, nos mesmos moldes da instala\u00e7\u00e3o nas principais regi\u00f5es da Capital, com bonecos tem\u00e1ticos e luzes em LED. O objetivo \u00e9 valorizar ainda mais o com\u00e9rcio local e impulsionar as vendas durante o fim de ano.<\/p>\n<p class=\"yiv7868330377MsoNormal\"><b>Demandas<\/b><\/p>\n<p class=\"yiv7868330377MsoNormal\">Dezenas de comerciantes participaram da reuni\u00e3o e elencaram as principais mudan\u00e7as que desejam ver realizadas no projeto que vem sendo executado pela Prefeitura. \u201cTemos uma preocupa\u00e7\u00e3o especial com a abertura de pelo menos, tr\u00eas cruzamentos, acabar com alguns pontos de alagamentos. Sabemos tamb\u00e9m da necessidade de sem\u00e1foros para trazer mais seguran\u00e7a \u00e0 popula\u00e7\u00e3o. A gente quer ver o dinheiro dos nossos impostos serem bem gastos&#8221;, disse o empres\u00e1rio Paulo Ant\u00f4nio Portilho, que atua desde 2006 na Avenida Tocantins, no ramo de confec\u00e7\u00f5es.<\/p>\n<p class=\"yiv7868330377MsoNormal\">No encontro, os comerciantes entregaram \u00e0 prefeita um projeto arquitet\u00f4nico com as mudan\u00e7as propostas para a Avenida Tocantins. Ficou definido ainda, que eles formariam uma comiss\u00e3o para participar de reuni\u00f5es com secret\u00e1rios municipais onde ser\u00e3o avaliadas as demandas da categoria.<\/p>\n<p class=\"yiv7868330377MsoNormal\">O vereador Milton Neris destacou a abertura do di\u00e1logo com a gest\u00e3o municipal como ponto alto do encontro. \u201cA gest\u00e3o deu um passo importante nesta noite, respeitou os comerciantes, os pais de fam\u00edlias, pagadores de impostos, empregadores e todos aqueles que s\u00e3o impactados diretamente com estas obras. Saber ouvir e tomar decis\u00f5es de forma democr\u00e1tica \u00e9 uma caracter\u00edstica de grandes gestores\u201d, afirmou.<\/p>\n<p class=\"yiv7868330377MsoNormal\">Tamb\u00e9m participaram do encontro secret\u00e1rios municipais e os vereadores Milton Neris, L\u00facio Campelo, Vanda Monteiro, Vandim, Jucelino, Laudeci Coimbra e Major Negreiros.<\/p>\n","protected":false},"excerpt":{"rendered":"<p>A prefeita Cinthia Ribeiro se reuniu com vereadores e comerciantes da Avenida Tocantins em Taquaralto, na noite desta quinta-feira, 25, para discutir demandas do grupo em rela\u00e7\u00e3o \u00e0s obras que a Prefeitura de Palmas vem executando em trechos da avenida. No encontro, que aconteceu na unidade do Resolve Palmas Sul, a gestora divulgou a constru\u00e7\u00e3o [&hellip;]<\/p>\n","protected":false},"author":2,"featured_media":1692,"comment_status":"open","ping_status":"open","sticky":false,"template":"","format":"standard","meta":[],"categories":[2,3],"tags":[],"_links":{"self":[{"href":"https:\/\/dgospel.com.br\/portal\/index.php\/wp-json\/wp\/v2\/posts\/1691"}],"collection":[{"href":"https:\/\/dgospel.com.br\/portal\/index.php\/wp-json\/wp\/v2\/posts"}],"about":[{"href":"https:\/\/dgospel.com.br\/portal\/index.php\/wp-json\/wp\/v2\/types\/post"}],"author":[{"embeddable":true,"href":"https:\/\/dgospel.com.br\/portal\/index.php\/wp-json\/wp\/v2\/users\/2"}],"replies":[{"embeddable":true,"href":"https:\/\/dgospel.com.br\/portal\/index.php\/wp-json\/wp\/v2\/comments?post=1691"}],"version-history":[{"count":1,"href":"https:\/\/dgospel.com.br\/portal\/index.php\/wp-json\/wp\/v2\/posts\/1691\/revisions"}],"predecessor-version":[{"id":1693,"href":"https:\/\/dgospel.com.br\/portal\/index.php\/wp-json\/wp\/v2\/posts\/1691\/revisions\/1693"}],"wp:featuredmedia":[{"embeddable":true,"href":"https:\/\/dgospel.com.br\/portal\/index.php\/wp-json\/wp\/v2\/media\/1692"}],"wp:attachment":[{"href":"https:\/\/dgospel.com.br\/portal\/index.php\/wp-json\/wp\/v2\/media?parent=1691"}],"wp:term":[{"taxonomy":"category","embeddable":true,"href":"https:\/\/dgospel.com.br\/portal\/index.php\/wp-json\/wp\/v2\/categories?post=1691"},{"taxonomy":"post_tag","embeddable":true,"href":"https:\/\/dgospel.com.br\/portal\/index.php\/wp-json\/wp\/v2\/tags?post=1691"}],"curies":[{"name":"wp","href":"https:\/\/api.w.org\/{rel}","templated":true}]}}