{"id":16911,"date":"2023-08-31T10:28:54","date_gmt":"2023-08-31T13:28:54","guid":{"rendered":"http:\/\/dgospel.com.br\/portal\/?p=16911"},"modified":"2023-08-31T10:28:56","modified_gmt":"2023-08-31T13:28:56","slug":"prefeitos-do-nordeste-estao-revoltados-com-lula-diz-estrela","status":"publish","type":"post","link":"https:\/\/dgospel.com.br\/portal\/index.php\/2023\/08\/31\/prefeitos-do-nordeste-estao-revoltados-com-lula-diz-estrela\/","title":{"rendered":"Prefeitos do Nordeste est\u00e3o revoltados com Lula, diz Estrela"},"content":{"rendered":"\n<p>O prefeito de Belo Jardim (PE), Gilvandro Estrela, do Uni\u00e3o Brasil \u2013 partido que comp\u00f5e a base do governo \u2013 criticou o presidente Lula (PT), nesta quarta-feira (30), por prejudicar cidades no Nordeste com a redu\u00e7\u00e3o dos recursos repassados aos munic\u00edpios da regi\u00e3o.<\/p>\n\n\n\n<p>Em um v\u00eddeo publicado nas redes sociais \u00e9 poss\u00edvel ver Estrela reivindicando que seja mantido o valor habitualmente repassado aos munic\u00edpios nordestinos sob risco de inefici\u00eancia or\u00e7ament\u00e1ria para administrar as cidades afetadas pela medida, n\u00e3o somente Belo Jardim.<\/p>\n\n\n\n<p>Por consequ\u00eancia da redu\u00e7\u00e3o do Fundo de Participa\u00e7\u00f5es dos Munic\u00edpios (FPM), prefeitos de v\u00e1rias cidades do Nordeste declararam estar de greve, motivados por tamanha revolta. A paraliza\u00e7\u00e3o tem a ades\u00e3o dos munic\u00edpios de todos os estados nordestinos e, tamb\u00e9m, em cidades como Santa Catarina, Paran\u00e1, Tocantins, Minas Gerais, Mato Grosso e Mato Grosso do Sul.<\/p>\n\n\n\n<p>Al\u00e9m da redu\u00e7\u00e3o no repasse do FPM, os prefeitos tamb\u00e9m pleiteiam a regulariza\u00e7\u00e3o das transfer\u00eancias do Imposto sobre Circula\u00e7\u00e3o de Mercadorias e Servi\u00e7os (ICMS) pelos estados e os atrasos nas entregas de recursos oriundos das emendas parlamentares.<\/p>\n\n\n\n<p>\u2013 S\u00f3 aqui ele [Lula] teve 69% dos votos. De cada 100 pessoas, 69 votaram em Lula. E eu n\u00e3o pedi para n\u00e3o votar n\u00e3o. Eu disse: meu partido est\u00e1 aliado a ele. Ent\u00e3o ele tem que ter compromisso, principalmente, com o Nordeste porque ele \u00e9 nordestino. (\u2026) A\u00ed os prefeitos que votaram nele, est\u00e3o todos revoltados! \u2013 declarou o prefeito de Belo Jardim.<\/p>\n\n\n\n<p><blockquote class=\"twitter-tweet\" data-width=\"550\" data-dnt=\"true\"><p lang=\"pt\" dir=\"ltr\">Segue \u00e1 saga dos Prefeitos que Fizeram o L de LASCADOS&#8230; Greve&#8230;<br><br>Quando \u00e9 que o Nordeste vai aprender de uma vez por todas o que significa o comunismo? <a href=\"https:\/\/t.co\/Q4Ixdk0HjJ\">pic.twitter.com\/Q4Ixdk0HjJ<\/a><\/p>&mdash; PARAIBANA\ud83e\ude97\ud83e\udd41 PATRIOTA\ud83c\udde7\ud83c\uddf7\ud83c\uddee\ud83c\uddf1 (@Kk_Melo22) <a href=\"https:\/\/twitter.com\/Kk_Melo22\/status\/1696972164652511465?ref_src=twsrc%5Etfw\">August 30, 2023<\/a><\/blockquote><script async src=\"https:\/\/platform.twitter.com\/widgets.js\" charset=\"utf-8\"><\/script><\/p>\n\n\n\n<p><\/p>\n","protected":false},"excerpt":{"rendered":"<p>O prefeito de Belo Jardim (PE), Gilvandro Estrela, do Uni\u00e3o Brasil \u2013 partido que comp\u00f5e a base do governo \u2013 criticou o presidente Lula (PT), nesta quarta-feira (30), por prejudicar cidades no Nordeste com a redu\u00e7\u00e3o dos recursos repassados aos munic\u00edpios da regi\u00e3o. Em um v\u00eddeo publicado nas redes sociais \u00e9 poss\u00edvel ver Estrela reivindicando [&hellip;]<\/p>\n","protected":false},"author":2,"featured_media":16912,"comment_status":"open","ping_status":"open","sticky":false,"template":"","format":"standard","meta":[],"categories":[10],"tags":[],"_links":{"self":[{"href":"https:\/\/dgospel.com.br\/portal\/index.php\/wp-json\/wp\/v2\/posts\/16911"}],"collection":[{"href":"https:\/\/dgospel.com.br\/portal\/index.php\/wp-json\/wp\/v2\/posts"}],"about":[{"href":"https:\/\/dgospel.com.br\/portal\/index.php\/wp-json\/wp\/v2\/types\/post"}],"author":[{"embeddable":true,"href":"https:\/\/dgospel.com.br\/portal\/index.php\/wp-json\/wp\/v2\/users\/2"}],"replies":[{"embeddable":true,"href":"https:\/\/dgospel.com.br\/portal\/index.php\/wp-json\/wp\/v2\/comments?post=16911"}],"version-history":[{"count":1,"href":"https:\/\/dgospel.com.br\/portal\/index.php\/wp-json\/wp\/v2\/posts\/16911\/revisions"}],"predecessor-version":[{"id":16913,"href":"https:\/\/dgospel.com.br\/portal\/index.php\/wp-json\/wp\/v2\/posts\/16911\/revisions\/16913"}],"wp:featuredmedia":[{"embeddable":true,"href":"https:\/\/dgospel.com.br\/portal\/index.php\/wp-json\/wp\/v2\/media\/16912"}],"wp:attachment":[{"href":"https:\/\/dgospel.com.br\/portal\/index.php\/wp-json\/wp\/v2\/media?parent=16911"}],"wp:term":[{"taxonomy":"category","embeddable":true,"href":"https:\/\/dgospel.com.br\/portal\/index.php\/wp-json\/wp\/v2\/categories?post=16911"},{"taxonomy":"post_tag","embeddable":true,"href":"https:\/\/dgospel.com.br\/portal\/index.php\/wp-json\/wp\/v2\/tags?post=16911"}],"curies":[{"name":"wp","href":"https:\/\/api.w.org\/{rel}","templated":true}]}}