{"id":16914,"date":"2023-08-31T10:30:30","date_gmt":"2023-08-31T13:30:30","guid":{"rendered":"http:\/\/dgospel.com.br\/portal\/?p=16914"},"modified":"2023-08-31T10:48:33","modified_gmt":"2023-08-31T13:48:33","slug":"igreja-batiza-presos-apos-estudo-biblico-na-prisao-nova-vida-em-cristo","status":"publish","type":"post","link":"https:\/\/dgospel.com.br\/portal\/index.php\/2023\/08\/31\/igreja-batiza-presos-apos-estudo-biblico-na-prisao-nova-vida-em-cristo\/","title":{"rendered":"Igreja batiza presos ap\u00f3s estudo b\u00edblico na pris\u00e3o: \u201cNova vida em Cristo\u201d"},"content":{"rendered":"\n<p>Detentos do Complexo Penitenci\u00e1rio P\u00fablico-Privado (CPP), em Belo Horizonte, foram&nbsp;<strong><a href=\"https:\/\/guiame.com.br\/gospel\/missoes-acao-social\/igrejas-se-unem-e-levam-58-presos-ao-batismo-eles-estao-ouvindo-voz-de-deus.html\">batizados<\/a><\/strong>&nbsp;ap\u00f3s conhecerem Jesus atrav\u00e9s de um estudo b\u00edblico.<\/p>\n\n\n\n<p>O projeto evangel\u00edstico da capelania da Ag\u00eancia Adventista de Desenvolvimento e Recursos Assistenciais (ADRA &#8211; MG) ensinou a Palavra de Deus dentro da pris\u00e3o aos encarcerados.<\/p>\n\n\n\n<p>Entre eles, quatro presos&nbsp;<strong><a href=\"https:\/\/guiame.com.br\/gospel\/testemunhos\/feiticeira-na-africa-e-batizada-apos-aceitar-jesus-em-prisao-trabalho-para-deus.html\">aceitaram a Jesus<\/a><\/strong>&nbsp;e desceram \u00e0s \u00e1guas no dia 13 de julho. Na presen\u00e7a de amigos, familiares e outros detentos, eles testemunharam sua f\u00e9 e iniciaram uma nova vida com Cristo.<\/p>\n\n\n\n<p><img src=\"https:\/\/thumbor.guiame.com.br\/unsafe\/smart\/https:\/\/media.guiame.com.br\/archives\/2023\/08\/30\/3588672511-.jpeg\" alt=\"\" width=\"600\"><br><sup>Quatro presos foram batizados na pris\u00e3o em BH. (Foto: GPA).<\/sup><\/p>\n\n\n\n<p>Segundo o Not\u00edcias Adventistas, o batismo na penitenci\u00e1ria foi marcado por l\u00e1grimas e emo\u00e7\u00e3o.<\/p>\n\n\n\n<p>Shirley, m\u00e3e de Geraldo, um dos detentos batizados, testemunhou a alegria em ver o filho se convertendo.<\/p>\n\n\n\n<p>\u201cAntes eu nem dormia. Agora as preocupa\u00e7\u00f5es passaram, sabendo que ele est\u00e1 em um bom caminho\u201d, disse ela, ao Not\u00edcias Adventistas.<\/p>\n\n\n\n<p>Geraldo, de 31 anos, estava afastado dos caminhos de Deus h\u00e1 13 anos, mas voltou para o Pai atrav\u00e9s do estudo b\u00edblico na pris\u00e3o.<\/p>\n\n\n\n<p>&#8220;O batismo \u00e9 um s\u00edmbolo da morte para o passado e do renascimento para uma nova vida em Cristo&#8221;, comentou o pastor Matheus Vasconcelos, um dos l\u00edderes que fez a cerim\u00f4nia.<\/p>\n\n\n\n<p>&#8220;Esses detentos est\u00e3o fazendo uma escolha corajosa de buscar a verdade e a reden\u00e7\u00e3o, e estamos aqui para apoi\u00e1-los nesse caminho\u201d.<\/p>\n\n\n\n<p><img src=\"https:\/\/thumbor.guiame.com.br\/unsafe\/smart\/https:\/\/media.guiame.com.br\/archives\/2023\/08\/30\/984165653-.jpeg\" alt=\"\" width=\"600\"><br><sup>Estudo b\u00edblico no Complexo Penitenci\u00e1rio P\u00fablico-Privado em BH. (Foto: GPA<\/sup><\/p>\n","protected":false},"excerpt":{"rendered":"<p>Detentos do Complexo Penitenci\u00e1rio P\u00fablico-Privado (CPP), em Belo Horizonte, foram&nbsp;batizados&nbsp;ap\u00f3s conhecerem Jesus atrav\u00e9s de um estudo b\u00edblico. O projeto evangel\u00edstico da capelania da Ag\u00eancia Adventista de Desenvolvimento e Recursos Assistenciais (ADRA &#8211; MG) ensinou a Palavra de Deus dentro da pris\u00e3o aos encarcerados. Entre eles, quatro presos&nbsp;aceitaram a Jesus&nbsp;e desceram \u00e0s \u00e1guas no dia 13 [&hellip;]<\/p>\n","protected":false},"author":2,"featured_media":16915,"comment_status":"open","ping_status":"open","sticky":false,"template":"","format":"standard","meta":[],"categories":[11,12],"tags":[],"_links":{"self":[{"href":"https:\/\/dgospel.com.br\/portal\/index.php\/wp-json\/wp\/v2\/posts\/16914"}],"collection":[{"href":"https:\/\/dgospel.com.br\/portal\/index.php\/wp-json\/wp\/v2\/posts"}],"about":[{"href":"https:\/\/dgospel.com.br\/portal\/index.php\/wp-json\/wp\/v2\/types\/post"}],"author":[{"embeddable":true,"href":"https:\/\/dgospel.com.br\/portal\/index.php\/wp-json\/wp\/v2\/users\/2"}],"replies":[{"embeddable":true,"href":"https:\/\/dgospel.com.br\/portal\/index.php\/wp-json\/wp\/v2\/comments?post=16914"}],"version-history":[{"count":1,"href":"https:\/\/dgospel.com.br\/portal\/index.php\/wp-json\/wp\/v2\/posts\/16914\/revisions"}],"predecessor-version":[{"id":16916,"href":"https:\/\/dgospel.com.br\/portal\/index.php\/wp-json\/wp\/v2\/posts\/16914\/revisions\/16916"}],"wp:featuredmedia":[{"embeddable":true,"href":"https:\/\/dgospel.com.br\/portal\/index.php\/wp-json\/wp\/v2\/media\/16915"}],"wp:attachment":[{"href":"https:\/\/dgospel.com.br\/portal\/index.php\/wp-json\/wp\/v2\/media?parent=16914"}],"wp:term":[{"taxonomy":"category","embeddable":true,"href":"https:\/\/dgospel.com.br\/portal\/index.php\/wp-json\/wp\/v2\/categories?post=16914"},{"taxonomy":"post_tag","embeddable":true,"href":"https:\/\/dgospel.com.br\/portal\/index.php\/wp-json\/wp\/v2\/tags?post=16914"}],"curies":[{"name":"wp","href":"https:\/\/api.w.org\/{rel}","templated":true}]}}