{"id":16917,"date":"2023-08-31T10:37:29","date_gmt":"2023-08-31T13:37:29","guid":{"rendered":"http:\/\/dgospel.com.br\/portal\/?p=16917"},"modified":"2023-08-31T10:37:30","modified_gmt":"2023-08-31T13:37:30","slug":"cantor-regis-danese-teve-orgao-perfurado-em-acidente-e-passa-por-cirurgia-de-emergencia","status":"publish","type":"post","link":"https:\/\/dgospel.com.br\/portal\/index.php\/2023\/08\/31\/cantor-regis-danese-teve-orgao-perfurado-em-acidente-e-passa-por-cirurgia-de-emergencia\/","title":{"rendered":"Cantor Regis Danese teve \u00f3rg\u00e3o perfurado em acidente e passa por cirurgia de emerg\u00eancia"},"content":{"rendered":"\n<p>O cantor Gospel\u00a0Regis Danese passou por uma cirurgia de emerg\u00eancia na madrugada desta quinta-feira (31)\u00a0<a href=\"https:\/\/entretenimento.r7.com\/famosos-e-tv\/cantor-gospel-regis-danese-sofre-acidente-de-carro-a-caminho-de-show-em-go-30082023\">ap\u00f3s sofrer um grave acidente de tr\u00e2nsito<\/a>. A caminhonete que o artista usava para chegar ao local onde faria um show colidiu com uma carreta\u00a0na regi\u00e3o de Ceres (GO), distante cerca de 180 km de Goi\u00e2nia. Na colis\u00e3o, o cantor teve um \u00f3rg\u00e3o perfurado, tr\u00eas costelas quebradas e um bra\u00e7o fraturado.<\/p>\n\n\n\n<p>&#8220;Vou ter que passar por uma cirurgia de urg\u00eancia. Aconteceu uma perfura\u00e7\u00e3o, os m\u00e9dicos n\u00e3o sabem se \u00e9 no est\u00f4mago ou no intestino delgado. Orem por mim&#8221;, disse Regis em um v\u00eddeo publicado nas redes sociais nesta madrugada.<\/p>\n\n\n\n<p>&#8220;Quebrei o bra\u00e7o, vou ter que operar, quebrei tr\u00eas costelas, perfurou aqui, n\u00e3o se foi o intestino, mas ainda estou vivo. Vou entrar na sala de cirurgia agora. O m\u00e9dico falou que n\u00e3o tinha como esperar, \u00e9 urgente. Foi muito grave, perda total do carro, da caminhonete. O m\u00e9dico disse que, se fosse um carro menor, eu n\u00e3o estaria aqui&#8221;, completou o cantor.<\/p>\n\n\n\n<p>O artista disse estar com dificuldade para falar por conta dos ferimentos e contou que os m\u00e9dicos lhe prescreveram morfina, para que ele consiga lidar com a dor.<\/p>\n\n\n\n<p>A fam\u00edlia de Regis Danese tamb\u00e9m se pronunciou nas redes sociais. Kelly Danese, casada com o cantor, e Brenda Danese, uma das filhas do artista, gravaram um v\u00eddeo em que contam que estavam em Goi\u00e2nia devido a compromissos profissionais e que quem acompanhava Regis no carro era o irm\u00e3o e assessor dele, Daniel, que n\u00e3o sofreu nenhum ferimento no acidente.<\/p>\n\n\n\n<p>Elas explicaram que o cantor gospel foi socorrido e levado em um primeiro momento para um hospital na cidade de Jaragu\u00e1, antes de ser transferido para Goi\u00e2nia. Kelly disse que o marido teve um trauma tor\u00e1cico e que tamb\u00e9m precisaria operar o bra\u00e7o quebrado.<\/p>\n\n\n\n<p><strong>Veja o v\u00eddeo de Regis Danese abaixo:<\/strong><\/p>\n\n\n\n<p><a href=\"https:\/\/www.instagram.com\/p\/CwmFvTfsOKQ\/\">https:\/\/www.instagram.com\/p\/CwmFvTfsOKQ\/<\/a><\/p>\n","protected":false},"excerpt":{"rendered":"<p>O cantor Gospel\u00a0Regis Danese passou por uma cirurgia de emerg\u00eancia na madrugada desta quinta-feira (31)\u00a0ap\u00f3s sofrer um grave acidente de tr\u00e2nsito. A caminhonete que o artista usava para chegar ao local onde faria um show colidiu com uma carreta\u00a0na regi\u00e3o de Ceres (GO), distante cerca de 180 km de Goi\u00e2nia. Na colis\u00e3o, o cantor teve [&hellip;]<\/p>\n","protected":false},"author":2,"featured_media":16918,"comment_status":"open","ping_status":"open","sticky":false,"template":"","format":"standard","meta":[],"categories":[5],"tags":[],"_links":{"self":[{"href":"https:\/\/dgospel.com.br\/portal\/index.php\/wp-json\/wp\/v2\/posts\/16917"}],"collection":[{"href":"https:\/\/dgospel.com.br\/portal\/index.php\/wp-json\/wp\/v2\/posts"}],"about":[{"href":"https:\/\/dgospel.com.br\/portal\/index.php\/wp-json\/wp\/v2\/types\/post"}],"author":[{"embeddable":true,"href":"https:\/\/dgospel.com.br\/portal\/index.php\/wp-json\/wp\/v2\/users\/2"}],"replies":[{"embeddable":true,"href":"https:\/\/dgospel.com.br\/portal\/index.php\/wp-json\/wp\/v2\/comments?post=16917"}],"version-history":[{"count":1,"href":"https:\/\/dgospel.com.br\/portal\/index.php\/wp-json\/wp\/v2\/posts\/16917\/revisions"}],"predecessor-version":[{"id":16919,"href":"https:\/\/dgospel.com.br\/portal\/index.php\/wp-json\/wp\/v2\/posts\/16917\/revisions\/16919"}],"wp:featuredmedia":[{"embeddable":true,"href":"https:\/\/dgospel.com.br\/portal\/index.php\/wp-json\/wp\/v2\/media\/16918"}],"wp:attachment":[{"href":"https:\/\/dgospel.com.br\/portal\/index.php\/wp-json\/wp\/v2\/media?parent=16917"}],"wp:term":[{"taxonomy":"category","embeddable":true,"href":"https:\/\/dgospel.com.br\/portal\/index.php\/wp-json\/wp\/v2\/categories?post=16917"},{"taxonomy":"post_tag","embeddable":true,"href":"https:\/\/dgospel.com.br\/portal\/index.php\/wp-json\/wp\/v2\/tags?post=16917"}],"curies":[{"name":"wp","href":"https:\/\/api.w.org\/{rel}","templated":true}]}}