{"id":16920,"date":"2023-08-31T11:40:32","date_gmt":"2023-08-31T14:40:32","guid":{"rendered":"http:\/\/dgospel.com.br\/portal\/?p=16920"},"modified":"2023-08-31T11:40:33","modified_gmt":"2023-08-31T14:40:33","slug":"presidente-do-sisepe-to-assume-cargo-de-secretario-executivo-do-tocantins-na-confederacao-dos-servidores-publicos-do-brasil","status":"publish","type":"post","link":"https:\/\/dgospel.com.br\/portal\/index.php\/2023\/08\/31\/presidente-do-sisepe-to-assume-cargo-de-secretario-executivo-do-tocantins-na-confederacao-dos-servidores-publicos-do-brasil\/","title":{"rendered":"Presidente do Sisepe-TO assume cargo de secret\u00e1rio-executivo do Tocantins na Confedera\u00e7\u00e3o dos Servidores P\u00fablicos do Brasil"},"content":{"rendered":"\n<p>O presidente do Sindicato dos Servidores P\u00fablicos no Estado do Tocantins (Sisepe-TO), Elizeu Oliveira, tomou posse no cargo de secret\u00e1rio-executivo do Tocantins da nova diretoria da Confedera\u00e7\u00e3o dos Servidores P\u00fablicos do Brasil (CSPB), para o mandato de 2023\/2027. A nova diretoria da CSPB \u00e9 composta por 205 membros eleitos na chapa \u201cLutar Sempre!\u201d.<\/p>\n\n\n\n<p>A cerim\u00f4nia de posse ocorreu nesta quarta-feira, 30 de agosto, no 1\u00ba Congresso Extraordin\u00e1rio da CSPB, em Bras\u00edlia. O evento se estende at\u00e9 a quinta-feira (31), ocasi\u00e3o que ser\u00e1 discutido e aprovado o texto base do MRSP &#8211; Marco Regulat\u00f3rio do Setor P\u00fablico, que vai prever as diretrizes das rela\u00e7\u00f5es de trabalho; al\u00e9m dos eixos estrat\u00e9gicos e as novas etapas.<\/p>\n\n\n\n<p>O presidente do Sisepe-TO, Elizeu Oliveira parabenizou todos os membros da nova diretoria da CSPB, com cumprimentos especiais ao 1\u00ba vice-presidente da Regi\u00e3o Norte, Carlos Augusto Melo de Oliveira, que \u00e9 presidente da For\u00e7a Sindical e da Federa\u00e7\u00e3o dos Sindicatos de Servidores P\u00fablicos do Tocantins (Fesserto) e o 2\u00ba secret\u00e1rio de Organiza\u00e7\u00e3o do Tocantins, Sandro Bernardino Ribeiro de Abreu Adrian, diretor do Sindicato dos Terapeutas Operacionais do Estado do Tocantins (Sinfito), tamb\u00e9m membro da Fesserto e da For\u00e7a Sindical.<\/p>\n\n\n\n<p>Elizeu Oliveira ressaltou que \u201ca miss\u00e3o de compor a nova diretoria da CSPB \u00e9 muito importante para o Sisepe, pois a Confedera\u00e7\u00e3o est\u00e1 a frente da luta do Marco Regulat\u00f3rio das Rela\u00e7\u00f5es de Trabalho no Setor P\u00fablico, que tem no Decreto Federal n\u00ba 11.669\/2023, o resgate dos valores dos sindicatos\u201d.<\/p>\n\n\n\n<p>Para Elizeu Oliveira, o Brasil est\u00e1 em um novo momento, com os sindicatos voltando a ter voz e podendo participar ativamente das negocia\u00e7\u00f5es.<\/p>\n\n\n\n<p>Tamb\u00e9m participam da comitiva do Sisepe-TO no 1\u00ba Congresso Extraordin\u00e1rio da CSPB, os diretores da Regional Central de Palmas, Cincinato Luz, o diretor de Comunica\u00e7\u00e3o, Gebson Reis e o diretor da Regional Sul de Gurupi, Marcos Wellinton.<\/p>\n\n\n\n<p>Na abertura foi realizada a apresenta\u00e7\u00e3o geral do Marco Regulat\u00f3rio do Setor P\u00fablico. Conforme a programa\u00e7\u00e3o, no segundo dia tamb\u00e9m ser\u00e3o apresentados e discutidos cada eixo tem\u00e1tico da proposta do MRSP.<\/p>\n\n\n\n<p><strong>MRSP<\/strong><\/p>\n\n\n\n<p>O Marco Regulat\u00f3rio do Setor P\u00fablico (MRSP) chega para regulamentar as rela\u00e7\u00f5es de trabalho e ampliar o arcabou\u00e7o de Leis que visam fortalecer e proteger os servi\u00e7os p\u00fablicos brasileiros, diminuindo sua vulnerabilidade pol\u00edtica e jur\u00eddica.<\/p>\n\n\n\n<p><strong>Decreto n\u00ba 11.669<\/strong><\/p>\n\n\n\n<p>O Decreto Federal n\u00ba 11.669, de 28 de agosto de 2023, institui o Grupo de Trabalho Interministerial para elabora\u00e7\u00e3o de proposta de regulamenta\u00e7\u00e3o da negocia\u00e7\u00e3o das rela\u00e7\u00f5es de trabalho no \u00e2mbito da administra\u00e7\u00e3o p\u00fablica federal e ser\u00e1 bipartite, composto por 24 membros, conforme disposto na Edi\u00e7\u00e3o 165 do Di\u00e1rio Oficial da Uni\u00e3o, publicado em 29\/08\/2023.<\/p>\n\n\n\n<p><strong>Sobre o evento<\/strong><\/p>\n\n\n\n<p>O 1\u00ba Congresso Extraordin\u00e1rio da CSPB, \u00e9 considerado o mais ambicioso projeto j\u00e1 coordenado pela Confedera\u00e7\u00e3o, que recepciona o apoio e contribui\u00e7\u00f5es das centrais sindicais Nova Central, For\u00e7a Sindical, CTB, CSB, UGT e CESP.<\/p>\n\n\n\n<p>Ainda segundo a organiza\u00e7\u00e3o, esse Congresso Extraordin\u00e1rio representa um marco hist\u00f3rico da entidade, que se d\u00e1 em um per\u00edodo de resgate dos valores e da institucionalidade democr\u00e1tica, na sequ\u00eancia de sucessivos ataques ao servi\u00e7o p\u00fablico brasileiro e suas categorias profissionais.<\/p>\n","protected":false},"excerpt":{"rendered":"<p>O presidente do Sindicato dos Servidores P\u00fablicos no Estado do Tocantins (Sisepe-TO), Elizeu Oliveira, tomou posse no cargo de secret\u00e1rio-executivo do Tocantins da nova diretoria da Confedera\u00e7\u00e3o dos Servidores P\u00fablicos do Brasil (CSPB), para o mandato de 2023\/2027. A nova diretoria da CSPB \u00e9 composta por 205 membros eleitos na chapa \u201cLutar Sempre!\u201d. A cerim\u00f4nia [&hellip;]<\/p>\n","protected":false},"author":2,"featured_media":16921,"comment_status":"open","ping_status":"open","sticky":false,"template":"","format":"standard","meta":[],"categories":[10],"tags":[],"_links":{"self":[{"href":"https:\/\/dgospel.com.br\/portal\/index.php\/wp-json\/wp\/v2\/posts\/16920"}],"collection":[{"href":"https:\/\/dgospel.com.br\/portal\/index.php\/wp-json\/wp\/v2\/posts"}],"about":[{"href":"https:\/\/dgospel.com.br\/portal\/index.php\/wp-json\/wp\/v2\/types\/post"}],"author":[{"embeddable":true,"href":"https:\/\/dgospel.com.br\/portal\/index.php\/wp-json\/wp\/v2\/users\/2"}],"replies":[{"embeddable":true,"href":"https:\/\/dgospel.com.br\/portal\/index.php\/wp-json\/wp\/v2\/comments?post=16920"}],"version-history":[{"count":1,"href":"https:\/\/dgospel.com.br\/portal\/index.php\/wp-json\/wp\/v2\/posts\/16920\/revisions"}],"predecessor-version":[{"id":16922,"href":"https:\/\/dgospel.com.br\/portal\/index.php\/wp-json\/wp\/v2\/posts\/16920\/revisions\/16922"}],"wp:featuredmedia":[{"embeddable":true,"href":"https:\/\/dgospel.com.br\/portal\/index.php\/wp-json\/wp\/v2\/media\/16921"}],"wp:attachment":[{"href":"https:\/\/dgospel.com.br\/portal\/index.php\/wp-json\/wp\/v2\/media?parent=16920"}],"wp:term":[{"taxonomy":"category","embeddable":true,"href":"https:\/\/dgospel.com.br\/portal\/index.php\/wp-json\/wp\/v2\/categories?post=16920"},{"taxonomy":"post_tag","embeddable":true,"href":"https:\/\/dgospel.com.br\/portal\/index.php\/wp-json\/wp\/v2\/tags?post=16920"}],"curies":[{"name":"wp","href":"https:\/\/api.w.org\/{rel}","templated":true}]}}