{"id":16926,"date":"2023-08-31T11:48:34","date_gmt":"2023-08-31T14:48:34","guid":{"rendered":"http:\/\/dgospel.com.br\/portal\/?p=16926"},"modified":"2023-08-31T11:48:35","modified_gmt":"2023-08-31T14:48:35","slug":"motorista-evangelica-e-agredida-por-passageiros-de-app-por-ouvir-musica-gospel","status":"publish","type":"post","link":"https:\/\/dgospel.com.br\/portal\/index.php\/2023\/08\/31\/motorista-evangelica-e-agredida-por-passageiros-de-app-por-ouvir-musica-gospel\/","title":{"rendered":"Motorista evang\u00e9lica \u00e9 agredida por passageiros de app por ouvir m\u00fasica gospel"},"content":{"rendered":"\n<p>Uma motorista evang\u00e9lica que trabalha com aplicativos de transporte foi agredida por um casal que embarcou em seu carro para uma viagem e se incomodou com as m\u00fasicas gospel que estavam sendo tocadas.<\/p>\n\n\n\n<p>Mariana Domingues Fidelis, 27 anos, trabalhava na madrugada do \u00faltimo domingo, 27 de agosto, em Contagem (MG), quando aceitou a chamada de um casal. Ap\u00f3s iniciar a viagem, passou a ser ofendida com frases como \u201ccrente do rabo quente\u201d e, por isso, decidiu parar o carro antes do fim do trajeto.<\/p>\n\n\n\n<p>Os passageiros eram o assistente fiscal Rodrigo Palhares Araujo, 27, e a microempreendedora Anna Clara Neres Silva, 21, a quem a motorista pediu que sa\u00edssem de seu carro por estarem&nbsp;<a href=\"https:\/\/noticias.gospelmais.com.br\/deus-tem-ajudado-motorista-devolveu-r-4-mil-casal-157141.html\"><strong>fazendo piada com a religi\u00e3o<\/strong><\/a>&nbsp;dela.<\/p>\n\n\n\n<p>\u201cEles estavam falando coisas como \u2018crente do rabo quente\u2019. Eu desliguei o r\u00e1dio, que sempre fica bem baixo, e perguntei se estava incomodando eles\u201d, contou Mariana, acrescentando que a partir desse momento passou a ser ainda mais ofendida por Araujo.<\/p>\n\n\n\n<p>Um v\u00eddeo veiculado pelo portal&nbsp;<a target=\"_blank\" href=\"https:\/\/g1.globo.com\/mg\/minas-gerais\/noticia\/2023\/08\/28\/intolerancia-religiosa-video-mostra-confusao-entre-passageiros-e-motorista-de-app-na-grande-bh.ghtml\" rel=\"noreferrer noopener\"><em>G1<\/em><\/a>&nbsp;mostra o rapaz se referindo \u00e0 motorista como \u201ccrente\u201d em um tom pejorativo, seguido de palavr\u00f5es e gritos. As cenas foram filmadas pela pr\u00f3pria Mariana.<\/p>\n\n\n\n<p>\u201cO cara desceu e veio na minha dire\u00e7\u00e3o, me xingando de tudo o que voc\u00ea pode imaginar, como se fosse me agredir, pegando no meu celular e mandando que eu cancelasse a viagem no aplicativo. Quando ele viu que eu estava filmando, disse que n\u00e3o iria me bater, mas continuou com os xingamentos\u201d, contou.<\/p>\n\n\n\n<p>Ao se afastar do carro, Mariana ficou no canteiro central da avenida para procurar alguma viatura e pedir ajuda.&nbsp;Nesse momento, segundo o relato da motorista evang\u00e9lica Anna Clara foi at\u00e9 ela e passou a agredi-la, jogando-a no ch\u00e3o, sendo acompanhada por Araujo. Um outro homem, que viu a cena, tentou intervir para impedir a agress\u00e3o.<\/p>\n\n\n\n<p>\u201cEsse homem se jogou sobre mim, usou o pr\u00f3prio corpo para me proteger, como se fosse um bolsa. Mesmo assim, o cara n\u00e3o parava, at\u00e9 que um guarda municipal da UPA chegou, apontou a arma para ele e mandou parar\u201d, relatou a motorista evang\u00e9lica.<\/p>\n\n\n\n<p>O casal foi detido e a Pol\u00edcia Civil afirmou, em nota, que eles prestaram depoimento e foram liberados ap\u00f3s assinarem um Termo Circunstanciado de Ocorr\u00eancia, comprometendo-se a participar de uma audi\u00eancia na Justi\u00e7a.<\/p>\n\n\n\n<p>J\u00e1 Mariana foi levada para a unidade de sa\u00fade pr\u00f3xima do local, onde passou por exames. Fotos feitas pela pr\u00f3pria motorista mostram sangramentos pelo nariz e boca, al\u00e9m da face e do olho esquerdo inchados.<\/p>\n\n\n\n<p>O casal nega que tenha agido com intoler\u00e2ncia religiosa: \u201cEu e ele come\u00e7amos a conversar dentro do carro sobre um amigo nosso que se diz crist\u00e3o, mas n\u00e3o segue o que o cristianismo diz. Usamos a express\u00e3o \u2018crente do rabo quente\u2019 se referindo a ele. De repente, a motorista parou no meio da [avenida] Jo\u00e3o Cesar de Oliveira e mandou a gente descer. Falou que est\u00e1vamos ofendendo a religi\u00e3o dela\u201d, alegou Anna.<\/p>\n\n\n\n<p>Ainda segundo a microempreendedor, as agress\u00f5es teriam come\u00e7ado por parte de Mariana, que teria dado um tapa no celular dela quando foi filmada: \u201cFoi nesta hora que eu e ela ca\u00edmos no ch\u00e3o. Eu agredi ela, ela me agrediu, estou machucada na m\u00e3o, nos joelhos. Ela rasgou a minha bolsa, quebrou o meu celular\u201d.<\/p>\n\n\n\n<p>A empresa para quem a motorista evang\u00e9lica presta servi\u00e7o, 99pop, disse que&nbsp;\u201crepudia atos de preconceito, viol\u00eancia e intoler\u00e2ncia religiosa\u201d e que est\u00e1 prestando acolhimento a Mariana, e que o passageiro foi bloqueado temporariamente do aplicativo.<\/p>\n\n\n\n<p>Enquanto isso, a motorista agora vem enfrentando outras manifesta\u00e7\u00f5es de hostilidade: \u201cMeu telefone n\u00e3o para de tocar com amea\u00e7as, o Instagram tamb\u00e9m\u201d, lamentou Mariana.<\/p>\n","protected":false},"excerpt":{"rendered":"<p>Uma motorista evang\u00e9lica que trabalha com aplicativos de transporte foi agredida por um casal que embarcou em seu carro para uma viagem e se incomodou com as m\u00fasicas gospel que estavam sendo tocadas. Mariana Domingues Fidelis, 27 anos, trabalhava na madrugada do \u00faltimo domingo, 27 de agosto, em Contagem (MG), quando aceitou a chamada de [&hellip;]<\/p>\n","protected":false},"author":2,"featured_media":16927,"comment_status":"open","ping_status":"open","sticky":false,"template":"","format":"standard","meta":[],"categories":[11,12],"tags":[],"_links":{"self":[{"href":"https:\/\/dgospel.com.br\/portal\/index.php\/wp-json\/wp\/v2\/posts\/16926"}],"collection":[{"href":"https:\/\/dgospel.com.br\/portal\/index.php\/wp-json\/wp\/v2\/posts"}],"about":[{"href":"https:\/\/dgospel.com.br\/portal\/index.php\/wp-json\/wp\/v2\/types\/post"}],"author":[{"embeddable":true,"href":"https:\/\/dgospel.com.br\/portal\/index.php\/wp-json\/wp\/v2\/users\/2"}],"replies":[{"embeddable":true,"href":"https:\/\/dgospel.com.br\/portal\/index.php\/wp-json\/wp\/v2\/comments?post=16926"}],"version-history":[{"count":1,"href":"https:\/\/dgospel.com.br\/portal\/index.php\/wp-json\/wp\/v2\/posts\/16926\/revisions"}],"predecessor-version":[{"id":16928,"href":"https:\/\/dgospel.com.br\/portal\/index.php\/wp-json\/wp\/v2\/posts\/16926\/revisions\/16928"}],"wp:featuredmedia":[{"embeddable":true,"href":"https:\/\/dgospel.com.br\/portal\/index.php\/wp-json\/wp\/v2\/media\/16927"}],"wp:attachment":[{"href":"https:\/\/dgospel.com.br\/portal\/index.php\/wp-json\/wp\/v2\/media?parent=16926"}],"wp:term":[{"taxonomy":"category","embeddable":true,"href":"https:\/\/dgospel.com.br\/portal\/index.php\/wp-json\/wp\/v2\/categories?post=16926"},{"taxonomy":"post_tag","embeddable":true,"href":"https:\/\/dgospel.com.br\/portal\/index.php\/wp-json\/wp\/v2\/tags?post=16926"}],"curies":[{"name":"wp","href":"https:\/\/api.w.org\/{rel}","templated":true}]}}