{"id":16929,"date":"2023-08-31T15:38:24","date_gmt":"2023-08-31T18:38:24","guid":{"rendered":"http:\/\/dgospel.com.br\/portal\/?p=16929"},"modified":"2023-08-31T15:38:26","modified_gmt":"2023-08-31T18:38:26","slug":"sob-a-protecao-de-xango-camara-celebra-visibilidade-lesbica","status":"publish","type":"post","link":"https:\/\/dgospel.com.br\/portal\/index.php\/2023\/08\/31\/sob-a-protecao-de-xango-camara-celebra-visibilidade-lesbica\/","title":{"rendered":"Sob a prote\u00e7\u00e3o de Xang\u00f4, C\u00e2mara celebra Visibilidade L\u00e9sbica"},"content":{"rendered":"\n<p>A C\u00e2mara dos Deputados realizou, pela primeira vez na hist\u00f3ria, uma sess\u00e3o solene em Homenagem ao Dia Nacional da Visibilidade L\u00e9sbica. Celebrada em 29 de agosto, a data visa reconhecer a for\u00e7a e a import\u00e2ncia da mulher l\u00e9sbica para a sociedade e a cultura.<\/p>\n\n\n\n<p>O pedido para a realiza\u00e7\u00e3o do evento partiu da deputada federal Daiana Santos (PCdoB-RS) e contou com a assinatura de outros 15 deputados de diferentes partidos, como PCdoB, Uni\u00e3o Brasil, PT, PSD, Republicanos e PV.<\/p>\n\n\n\n<p>Ao abrir a sess\u00e3o, a parlamentar, que \u00e9 l\u00e9sbica, declarou:<\/p>\n\n\n\n<p>\u2013 Declaro aberta a sess\u00e3o sob a prote\u00e7\u00e3o de Deus, o meu pai Xang\u00f4, de Exu e em nome do povo brasileiro.<\/p>\n\n\n\n<p>Na justificativa para a sess\u00e3o solene, Daiana Santos defende o combate \u00e0 lesbofobia e ao lesboc\u00eddio, citando a discrimina\u00e7\u00e3o e at\u00e9 mesmo o ass\u00e9dio moral que essas mulheres sofrem.<\/p>\n\n\n\n<p>\u2013 Infelizmente n\u00e3o h\u00e1 dados acerca do lesboc\u00eddio nas notifica\u00e7\u00f5es e ocorr\u00eancias na pol\u00edtica de seguran\u00e7a p\u00fablica, sa\u00fade ou assist\u00eancia social, tanto em \u00e2mbito nacional e estadual, quanto municipal, o que refor\u00e7a a urg\u00eancia da instaura\u00e7\u00e3o da data em quest\u00e3o, a fim de assegurar a integridade e o direito \u00e0 vida das mulheres l\u00e9sbicas \u2013 diz parte da justificativa.<\/p>\n\n\n\n<p>Representantes de grupos LGBTQ+ foram convidados para participarem da solenidade, entre eles a ministra Anielle Franco, da Igualdade Racial; L\u00e9lia Castro, integrante do Coletivo A\u00e7\u00e3o L\u00e9sbica; Jana\u00edna Oliveira, presidente do Conselho Nacional dos Direitos das Pessoas LGBTQIA+; Denise Motta Dau, da Secret\u00e1ria Nacional de Enfrentamento \u00e0 Viol\u00eancia Contra as Mulheres; Symmy Larrat, da Secret\u00e1ria Nacional de Promo\u00e7\u00e3o e Defesa dos Direitos das Pessoas LGBTQIA+; e outras.<\/p>\n\n\n\n<p><strong>Assista:<\/strong><\/p>\n\n\n\n<figure class=\"wp-block-embed is-type-video is-provider-youtube wp-block-embed-youtube wp-embed-aspect-16-9 wp-has-aspect-ratio\"><div class=\"wp-block-embed__wrapper\">\n<iframe loading=\"lazy\" title=\"Plen\u00e1rio - Dia Nacional da Visibilidade L\u00e9sbica - 29\/08\/2023\" width=\"630\" height=\"354\" src=\"https:\/\/www.youtube.com\/embed\/eVJKyggLrQ0?feature=oembed\" frameborder=\"0\" allow=\"accelerometer; autoplay; clipboard-write; encrypted-media; gyroscope; picture-in-picture; web-share\" allowfullscreen><\/iframe>\n<\/div><\/figure>\n","protected":false},"excerpt":{"rendered":"<p>A C\u00e2mara dos Deputados realizou, pela primeira vez na hist\u00f3ria, uma sess\u00e3o solene em Homenagem ao Dia Nacional da Visibilidade L\u00e9sbica. Celebrada em 29 de agosto, a data visa reconhecer a for\u00e7a e a import\u00e2ncia da mulher l\u00e9sbica para a sociedade e a cultura. O pedido para a realiza\u00e7\u00e3o do evento partiu da deputada federal [&hellip;]<\/p>\n","protected":false},"author":2,"featured_media":16930,"comment_status":"open","ping_status":"open","sticky":false,"template":"","format":"standard","meta":[],"categories":[8],"tags":[],"_links":{"self":[{"href":"https:\/\/dgospel.com.br\/portal\/index.php\/wp-json\/wp\/v2\/posts\/16929"}],"collection":[{"href":"https:\/\/dgospel.com.br\/portal\/index.php\/wp-json\/wp\/v2\/posts"}],"about":[{"href":"https:\/\/dgospel.com.br\/portal\/index.php\/wp-json\/wp\/v2\/types\/post"}],"author":[{"embeddable":true,"href":"https:\/\/dgospel.com.br\/portal\/index.php\/wp-json\/wp\/v2\/users\/2"}],"replies":[{"embeddable":true,"href":"https:\/\/dgospel.com.br\/portal\/index.php\/wp-json\/wp\/v2\/comments?post=16929"}],"version-history":[{"count":1,"href":"https:\/\/dgospel.com.br\/portal\/index.php\/wp-json\/wp\/v2\/posts\/16929\/revisions"}],"predecessor-version":[{"id":16931,"href":"https:\/\/dgospel.com.br\/portal\/index.php\/wp-json\/wp\/v2\/posts\/16929\/revisions\/16931"}],"wp:featuredmedia":[{"embeddable":true,"href":"https:\/\/dgospel.com.br\/portal\/index.php\/wp-json\/wp\/v2\/media\/16930"}],"wp:attachment":[{"href":"https:\/\/dgospel.com.br\/portal\/index.php\/wp-json\/wp\/v2\/media?parent=16929"}],"wp:term":[{"taxonomy":"category","embeddable":true,"href":"https:\/\/dgospel.com.br\/portal\/index.php\/wp-json\/wp\/v2\/categories?post=16929"},{"taxonomy":"post_tag","embeddable":true,"href":"https:\/\/dgospel.com.br\/portal\/index.php\/wp-json\/wp\/v2\/tags?post=16929"}],"curies":[{"name":"wp","href":"https:\/\/api.w.org\/{rel}","templated":true}]}}