{"id":16935,"date":"2023-09-01T15:23:42","date_gmt":"2023-09-01T18:23:42","guid":{"rendered":"http:\/\/dgospel.com.br\/portal\/?p=16935"},"modified":"2023-09-01T15:23:44","modified_gmt":"2023-09-01T18:23:44","slug":"em-oito-meses-governo-do-tocantins-ultrapassa-realizacao-de-cirurgias-eletivas-de-todo-o-2022","status":"publish","type":"post","link":"https:\/\/dgospel.com.br\/portal\/index.php\/2023\/09\/01\/em-oito-meses-governo-do-tocantins-ultrapassa-realizacao-de-cirurgias-eletivas-de-todo-o-2022\/","title":{"rendered":"Em oito meses, Governo do Tocantins ultrapassa realiza\u00e7\u00e3o de cirurgias eletivas de todo o 2022"},"content":{"rendered":"\n<p>O Governo do Tocantins bateu mais dois recordes no n\u00famero de procedimentos eletivos. A gest\u00e3o fechou o m\u00eas de agosto com 1.210, 21,23% a mais no n\u00famero de cirurgias do mesmo per\u00edodo de 2022 (997). Al\u00e9m disso, de janeiro a agosto de 2023, s\u00e3o 11.071, ultrapassando em 3,35% a produ\u00e7\u00e3o dos 12 meses de 2022, quando foram feitos 10.712. Do total produzido neste ano, 61% (6.828) foram nos hospitais geridos pela Secretaria de Estado da Sa\u00fade (SES-TO), na rotina hospitalar e por meio do Programa de Aprimoramento de Gest\u00e3o Hospitalar (PAGH-Cir\u00fargico), conhecido como&nbsp;<em>Opera Tocantins<\/em>. As demais s\u00e3o resultados dos conv\u00eanios com hospitais municipais e da contrata\u00e7\u00e3o de hospitais privados.<\/p>\n\n\n\n<p>\u201cEu estava na fila de Palmas h\u00e1 muito tempo e, gra\u00e7as a Deus, fui chamada para fazer minha cirurgia em Miracema. Estou muito feliz em ter meu problema resolvido e de ver v\u00e1rias outras mulheres que vieram junto comigo. O Governo do Tocantins est\u00e1 de parab\u00e9ns por esta iniciativa, que agiliza nosso atendimento\u201d, afirmou Silvane Sousa, acolhida no Hospital Regional de Miracema (HRM).<\/p>\n\n\n\n<p>O atendimento de pacientes dos grandes centros, nos hospitais do interior, \u00e9 o processo de descentraliza\u00e7\u00e3o dos servi\u00e7os do Sistema \u00danico de Sa\u00fade (SUS), criado pela SES-TO, a partir da entrega de equipamentos que fortaleceram os centros cir\u00fargicos dos hospitais de pequeno porte. \u201cGra\u00e7as \u00e0s a\u00e7\u00f5es do Governo, tivemos nosso centro cir\u00fargico equipado, novos aparelhos de imagem e temos conseguido atender os pacientes que aguardavam na fila do Hospital Geral de Palmas, por exemplo. Ficamos felizes em ver as pessoas sa\u00edrem com seus problemas de sa\u00fade resolvidos e estamos \u00e0 disposi\u00e7\u00e3o para continuar com o trabalho de retirar as pessoas da fila de espera\u201d, afirmou a diretora-geral do&nbsp; HRM, Maria da Penha Bandeira.<\/p>\n\n\n\n<p>Outra novidade da gest\u00e3o, em rela\u00e7\u00e3o \u00e0s eletivas, \u00e9 o retorno da realiza\u00e7\u00e3o das cirurgias no Hospital Regional de Aragua\u00e7u, ap\u00f3s 10 anos sem fazer procedimentos. \u201cEstamos muito felizes em poder ofertar novamente este servi\u00e7o aqui em nossa unidade. Tivemos 10 cirurgias gerais em pacientes que estavam em fila e pretendemos manter a produ\u00e7\u00e3o, para contribuir com o bem-estar das pessoas\u201d, destacou o diretor-geral da unidade hospitalar, Elvis Ferreira Lyra Soares.<\/p>\n\n\n\n<p>A paciente Mirian Batista da Silva foi atendida em Aragua\u00e7u e aprovou o acolhimento. \u201cEstou muito feliz em ter sa\u00eddo da fila, poder ir para casa e retomar minha vida normal. O atendimento aqui foi muito bom, com toda a equipe muito atenciosa\u201d, declarou.<\/p>\n\n\n\n<p>Segundo o titular interino da SES-TO, Paulo C\u00e9sar Benfica Filho, \u201cesta marca \u00e9 motivo de comemora\u00e7\u00e3o, pois s\u00e3o vidas transformadas com a restaura\u00e7\u00e3o da sa\u00fade, que \u00e9 o bem mais precioso que temos. Por isso, agrade\u00e7o a todas as equipes envolvidas neste projeto de amplia\u00e7\u00e3o de eletivas em todo o Estado, pois o empenho de cada servidor \u00e9 primordial neste processo. Vamos seguir trabalhando no fortalecimento da rede hospitalar, para que todas as pessoas que necessitam do SUS sejam atendidas, com qualidade e celeridade\u201d.<\/p>\n\n\n\n<p><strong>Destaques de produ\u00e7\u00e3o hospitalar\/leitos<\/strong><\/p>\n\n\n\n<p>Em an\u00e1lise de produ\u00e7\u00e3o feita pela SES-TO, comparando o n\u00famero de leitos e a realiza\u00e7\u00e3o de eletivas, em 2023, o Hospital Regional de Arapoema lidera com 13,48 cirurgias\/leitos (391 procedimentos, com 29 leitos). A unidade \u00e9 seguida pelo Hospital Regional de Guara\u00ed, com 12,49 cirurgias\/leitos (762 procedimentos, com 60 leitos); e pelo Hospital Regional de Xambio\u00e1, com 7,61 cirurgias\/leitos (236 procedimentos, com 31 leitos).<\/p>\n\n\n\n<p><strong>Dados gerais<\/strong><\/p>\n\n\n\n<p>De outubro 24 de 2021 a agosto de 2023, 22.959 pessoas j\u00e1 sa\u00edram da fila de espera da Central Estadual de Regula\u00e7\u00e3o.<\/p>\n\n\n\n<p><img src=\"https:\/\/central.to.gov.br\/image\/345130?w=670&amp;h=383\"><\/p>\n\n\n\n<p>Silvane Sousa foi acolhida no Hospital Regional de Miracema &#8211; Sa\u00fade\/Governo do Tocantins\u00a0<\/p>\n\n\n\n<p><img src=\"https:\/\/central.to.gov.br\/image\/345129?w=670&amp;h=383\"><\/p>\n\n\n\n<p>Paciente Mirian Batista da Silva foi atendida em Aragua\u00e7u e aprovou o acolhimento &#8211; Sa\u00fade\/Governo do Tocantins\u00a0<\/p>\n","protected":false},"excerpt":{"rendered":"<p>O Governo do Tocantins bateu mais dois recordes no n\u00famero de procedimentos eletivos. A gest\u00e3o fechou o m\u00eas de agosto com 1.210, 21,23% a mais no n\u00famero de cirurgias do mesmo per\u00edodo de 2022 (997). Al\u00e9m disso, de janeiro a agosto de 2023, s\u00e3o 11.071, ultrapassando em 3,35% a produ\u00e7\u00e3o dos 12 meses de 2022, [&hellip;]<\/p>\n","protected":false},"author":2,"featured_media":16936,"comment_status":"open","ping_status":"open","sticky":false,"template":"","format":"standard","meta":[],"categories":[3],"tags":[13],"_links":{"self":[{"href":"https:\/\/dgospel.com.br\/portal\/index.php\/wp-json\/wp\/v2\/posts\/16935"}],"collection":[{"href":"https:\/\/dgospel.com.br\/portal\/index.php\/wp-json\/wp\/v2\/posts"}],"about":[{"href":"https:\/\/dgospel.com.br\/portal\/index.php\/wp-json\/wp\/v2\/types\/post"}],"author":[{"embeddable":true,"href":"https:\/\/dgospel.com.br\/portal\/index.php\/wp-json\/wp\/v2\/users\/2"}],"replies":[{"embeddable":true,"href":"https:\/\/dgospel.com.br\/portal\/index.php\/wp-json\/wp\/v2\/comments?post=16935"}],"version-history":[{"count":1,"href":"https:\/\/dgospel.com.br\/portal\/index.php\/wp-json\/wp\/v2\/posts\/16935\/revisions"}],"predecessor-version":[{"id":16937,"href":"https:\/\/dgospel.com.br\/portal\/index.php\/wp-json\/wp\/v2\/posts\/16935\/revisions\/16937"}],"wp:featuredmedia":[{"embeddable":true,"href":"https:\/\/dgospel.com.br\/portal\/index.php\/wp-json\/wp\/v2\/media\/16936"}],"wp:attachment":[{"href":"https:\/\/dgospel.com.br\/portal\/index.php\/wp-json\/wp\/v2\/media?parent=16935"}],"wp:term":[{"taxonomy":"category","embeddable":true,"href":"https:\/\/dgospel.com.br\/portal\/index.php\/wp-json\/wp\/v2\/categories?post=16935"},{"taxonomy":"post_tag","embeddable":true,"href":"https:\/\/dgospel.com.br\/portal\/index.php\/wp-json\/wp\/v2\/tags?post=16935"}],"curies":[{"name":"wp","href":"https:\/\/api.w.org\/{rel}","templated":true}]}}