{"id":16938,"date":"2023-09-01T15:25:42","date_gmt":"2023-09-01T18:25:42","guid":{"rendered":"http:\/\/dgospel.com.br\/portal\/?p=16938"},"modified":"2023-09-01T15:25:43","modified_gmt":"2023-09-01T18:25:43","slug":"governo-do-tocantins-convoca-entidades-da-sociedade-civil-para-comporem-comissao-organizadora-da-conferencia-estadual-da-juventude","status":"publish","type":"post","link":"https:\/\/dgospel.com.br\/portal\/index.php\/2023\/09\/01\/governo-do-tocantins-convoca-entidades-da-sociedade-civil-para-comporem-comissao-organizadora-da-conferencia-estadual-da-juventude\/","title":{"rendered":"Governo do Tocantins convoca entidades da sociedade civil para comporem comiss\u00e3o organizadora da Confer\u00eancia Estadual da Juventude"},"content":{"rendered":"\n<p>O Governo do Tocantins, por meio da Secretaria de Estado dos Esportes e Juventude, convoca para a 4\u00aa Confer\u00eancia Estadual da Juventude, que ter\u00e1 como tema:&nbsp;<em>Reconstruir o Presente, Construir o Futuro: Desenvolvimento, Direitos, Participa\u00e7\u00e3o e Bem Viver<\/em>. Os objetivos s\u00e3o reconhecer e potencializar as express\u00f5es juvenis, visando fortalecer o enfrentamento a todas as formas de preconceitos e buscar efetivar pol\u00edticas p\u00fablicas para a juventude, contemplando sua diversidade. A portaria de convoca\u00e7\u00e3o foi publicada no&nbsp;<a href=\"https:\/\/doe.to.gov.br\/diario\/4978\/download\">Di\u00e1rio Oficial do Estado (DOE) desta quinta-feira, 31,<\/a>&nbsp;e se baseia no Estatuto da Juventude, no Decreto Federal e na resolu\u00e7\u00e3o do Conselho Nacional da Juventude.<\/p>\n\n\n\n<p>A Confer\u00eancia Estadual da Juventude ser\u00e1 realizada em outubro. A Secretaria de Estado dos Esportes e Juventude orienta os munic\u00edpios tocantinenses que as etapas preparat\u00f3rias municipais e regionais da Confer\u00eancia devem ocorrer at\u00e9 30 de setembro. A comiss\u00e3o organizadora estadual ser\u00e1 composta por seis representantes do Governo do Tocantins e seis entidades da sociedade civil. Tamb\u00e9m ser\u00e1 garantida a pluralidade das regi\u00f5es de integra\u00e7\u00e3o e a representatividade dos segmentos sociais.<\/p>\n\n\n\n<p>Os munic\u00edpios que tenham Conselho Municipal da Juventude institu\u00eddo dever\u00e3o engaj\u00e1-los na organiza\u00e7\u00e3o da Confer\u00eancia. As entidades interessadas em compor a comiss\u00e3o organizadora poder\u00e3o demonstrar interesse mediante preenchimento de formul\u00e1rio disponibilizado no&nbsp;<a href=\"https:\/\/www.to.gov.br\/seju\">site da Secretaria dos Esportes e Juventude<\/a>. Ap\u00f3s a convoca\u00e7\u00e3o da etapa municipal, o munic\u00edpio dever\u00e1 comunicar \u00e0 comiss\u00e3o organizadora estadual.&nbsp;<\/p>\n\n\n\n<p>Outras informa\u00e7\u00f5es poder\u00e3o ser consultadas pelo e-mail: diretoriadejuventude@seju.to.gov.br. As entidades da sociedade civil ter\u00e3o at\u00e9 o dia 10 de setembro para mostrarem interesse em compor a comiss\u00e3o organizadora.&nbsp;<\/p>\n\n\n\n<p><strong>P\u00fablico participante&nbsp;<\/strong><\/p>\n\n\n\n<p>A Confer\u00eancia Estadual da Juventude ter\u00e1 como p\u00fablico participante, delegados eleitos nas confer\u00eancias municipais e regionais, convidados envolvidos diretamente na Pol\u00edtica de Juventude do Tocantins a serem definidos pela comiss\u00e3o organizadora, al\u00e9m de gestores estaduais e municipais da Juventude, considerados delegados natos e o p\u00fablico em geral.&nbsp;<\/p>\n","protected":false},"excerpt":{"rendered":"<p>O Governo do Tocantins, por meio da Secretaria de Estado dos Esportes e Juventude, convoca para a 4\u00aa Confer\u00eancia Estadual da Juventude, que ter\u00e1 como tema:&nbsp;Reconstruir o Presente, Construir o Futuro: Desenvolvimento, Direitos, Participa\u00e7\u00e3o e Bem Viver. Os objetivos s\u00e3o reconhecer e potencializar as express\u00f5es juvenis, visando fortalecer o enfrentamento a todas as formas de [&hellip;]<\/p>\n","protected":false},"author":2,"featured_media":16939,"comment_status":"open","ping_status":"open","sticky":false,"template":"","format":"standard","meta":[],"categories":[3],"tags":[13],"_links":{"self":[{"href":"https:\/\/dgospel.com.br\/portal\/index.php\/wp-json\/wp\/v2\/posts\/16938"}],"collection":[{"href":"https:\/\/dgospel.com.br\/portal\/index.php\/wp-json\/wp\/v2\/posts"}],"about":[{"href":"https:\/\/dgospel.com.br\/portal\/index.php\/wp-json\/wp\/v2\/types\/post"}],"author":[{"embeddable":true,"href":"https:\/\/dgospel.com.br\/portal\/index.php\/wp-json\/wp\/v2\/users\/2"}],"replies":[{"embeddable":true,"href":"https:\/\/dgospel.com.br\/portal\/index.php\/wp-json\/wp\/v2\/comments?post=16938"}],"version-history":[{"count":1,"href":"https:\/\/dgospel.com.br\/portal\/index.php\/wp-json\/wp\/v2\/posts\/16938\/revisions"}],"predecessor-version":[{"id":16940,"href":"https:\/\/dgospel.com.br\/portal\/index.php\/wp-json\/wp\/v2\/posts\/16938\/revisions\/16940"}],"wp:featuredmedia":[{"embeddable":true,"href":"https:\/\/dgospel.com.br\/portal\/index.php\/wp-json\/wp\/v2\/media\/16939"}],"wp:attachment":[{"href":"https:\/\/dgospel.com.br\/portal\/index.php\/wp-json\/wp\/v2\/media?parent=16938"}],"wp:term":[{"taxonomy":"category","embeddable":true,"href":"https:\/\/dgospel.com.br\/portal\/index.php\/wp-json\/wp\/v2\/categories?post=16938"},{"taxonomy":"post_tag","embeddable":true,"href":"https:\/\/dgospel.com.br\/portal\/index.php\/wp-json\/wp\/v2\/tags?post=16938"}],"curies":[{"name":"wp","href":"https:\/\/api.w.org\/{rel}","templated":true}]}}