{"id":16944,"date":"2023-09-05T11:05:37","date_gmt":"2023-09-05T14:05:37","guid":{"rendered":"http:\/\/dgospel.com.br\/portal\/?p=16944"},"modified":"2023-09-05T11:05:38","modified_gmt":"2023-09-05T14:05:38","slug":"economista-que-votou-em-lula-ja-fala-em-efeitos-negativos","status":"publish","type":"post","link":"https:\/\/dgospel.com.br\/portal\/index.php\/2023\/09\/05\/economista-que-votou-em-lula-ja-fala-em-efeitos-negativos\/","title":{"rendered":"Economista que votou em Lula j\u00e1 fala em efeitos negativos"},"content":{"rendered":"\n<p>Em&nbsp;<a href=\"https:\/\/www.estadao.com.br\/economia\/elena-landau\/querida-encolhi-calendario\/\">um artigo publicado no jornal O Estado de S\u00e3o Paulo, a economista Elena Landau<\/a>&nbsp;voltou a criticar o presidente Luiz In\u00e1cio Lula da Silva (PT), mesmo tendo votado e apoiado sua elei\u00e7\u00e3o no ano passado.<\/p>\n\n\n\n<p>No texto, Landau aborda a irresponsabilidade fiscal do atual governo, tamb\u00e9m pontua os discursos do petista que n\u00e3o reconhecem a culpa da ex-presidente Dilma Rousseff na crise econ\u00f4mica do pa\u00eds e ainda afirma que ele ir\u00e1 \u201cabrir a porteira novamente\u201d para gastar dinheiro sem responsabilidade.<\/p>\n\n\n\n<p>Ao analisar o cen\u00e1rio pol\u00edtico e econ\u00f4mico, a economista diz que a narrativa atual do novo governo \u00e9 abrir caminho para a repeti\u00e7\u00e3o dos mesmos erros que Lula e Dilma cometeram anteriormente.<\/p>\n\n\n\n<p>\u2013 Lula resolveu at\u00e9 inocentar Dilma, passando por cima do Judici\u00e1rio, que n\u00e3o julgou o m\u00e9rito, e do Congresso, que a condenou por crime de responsabilidade. Vai abrir a porteira novamente. As pedaladas n\u00e3o existiram e \u201cgasto \u00e9 vida\u201d foi interrompido precocemente por press\u00e3o de neoliberais fiscalistas \u2013 escreveu a economista de forma ir\u00f4nica.<\/p>\n\n\n\n<p>E continua:<\/p>\n\n\n\n<p>\u2013 As centenas de bilh\u00f5es derramadas no BNDES geraram crescimento e investimento, dizem os dirigentes atuais. Os subs\u00eddios impl\u00edcitos de mais de R$ 300 bilh\u00f5es nunca entram na conta. Para o governo, a capitaliza\u00e7\u00e3o da Eletrobras \u00e9 crime de lesa-p\u00e1tria, mas a destrui\u00e7\u00e3o da empresa por conta da interven\u00e7\u00e3o de Dilma via MP 579 foi esquecida.<\/p>\n\n\n\n<p>Landau critica a escolha de ministros para conselhos e os pedidos para que o governo tenha mais tr\u00eas assentos na Eletrobras que foi privatizada.<\/p>\n\n\n\n<p>A economista ainda condena o Congresso, por seu interesse no Or\u00e7amento e o Judici\u00e1rio por arquivar processos importantes para o governo Lula.<\/p>\n\n\n\n<p>\u2013 Contam com a parceria do Legislativo, interessado nos nacos do Or\u00e7amento. Mas o Judici\u00e1rio d\u00e1 sua ajuda. \u00c9 uma sequ\u00eancia de processos arquivados, inclusive o da Transpetro, que j\u00e1 est\u00e1 convocada para construir navios e sondas de novo. O PAC est\u00e1 a\u00ed como se tivesse dado certo no passado.<\/p>\n\n\n\n<p>Por fim, a especialista se mostra preocupada com os resultados deste terceiro mandato de Lula e questiona se, para prometer recuperar o pa\u00eds destru\u00eddo por eles, Lula ir\u00e1 lan\u00e7ar Dilma como presidente novamente.<\/p>\n\n\n\n<p>\u2013 Da mesma forma que as ra\u00edzes da recess\u00e3o foram plantadas no Lula 2, e aprofundadas por Dilma, vai demorar alguns anos para efeitos negativos deste governo aparecerem. E quem vai corrigir desta vez? Dilma 3? Seria uma repara\u00e7\u00e3o justa de Lula \u00e0 companheira.<\/p>\n","protected":false},"excerpt":{"rendered":"<p>Em&nbsp;um artigo publicado no jornal O Estado de S\u00e3o Paulo, a economista Elena Landau&nbsp;voltou a criticar o presidente Luiz In\u00e1cio Lula da Silva (PT), mesmo tendo votado e apoiado sua elei\u00e7\u00e3o no ano passado. No texto, Landau aborda a irresponsabilidade fiscal do atual governo, tamb\u00e9m pontua os discursos do petista que n\u00e3o reconhecem a culpa [&hellip;]<\/p>\n","protected":false},"author":2,"featured_media":16945,"comment_status":"open","ping_status":"open","sticky":false,"template":"","format":"standard","meta":[],"categories":[10],"tags":[],"_links":{"self":[{"href":"https:\/\/dgospel.com.br\/portal\/index.php\/wp-json\/wp\/v2\/posts\/16944"}],"collection":[{"href":"https:\/\/dgospel.com.br\/portal\/index.php\/wp-json\/wp\/v2\/posts"}],"about":[{"href":"https:\/\/dgospel.com.br\/portal\/index.php\/wp-json\/wp\/v2\/types\/post"}],"author":[{"embeddable":true,"href":"https:\/\/dgospel.com.br\/portal\/index.php\/wp-json\/wp\/v2\/users\/2"}],"replies":[{"embeddable":true,"href":"https:\/\/dgospel.com.br\/portal\/index.php\/wp-json\/wp\/v2\/comments?post=16944"}],"version-history":[{"count":1,"href":"https:\/\/dgospel.com.br\/portal\/index.php\/wp-json\/wp\/v2\/posts\/16944\/revisions"}],"predecessor-version":[{"id":16946,"href":"https:\/\/dgospel.com.br\/portal\/index.php\/wp-json\/wp\/v2\/posts\/16944\/revisions\/16946"}],"wp:featuredmedia":[{"embeddable":true,"href":"https:\/\/dgospel.com.br\/portal\/index.php\/wp-json\/wp\/v2\/media\/16945"}],"wp:attachment":[{"href":"https:\/\/dgospel.com.br\/portal\/index.php\/wp-json\/wp\/v2\/media?parent=16944"}],"wp:term":[{"taxonomy":"category","embeddable":true,"href":"https:\/\/dgospel.com.br\/portal\/index.php\/wp-json\/wp\/v2\/categories?post=16944"},{"taxonomy":"post_tag","embeddable":true,"href":"https:\/\/dgospel.com.br\/portal\/index.php\/wp-json\/wp\/v2\/tags?post=16944"}],"curies":[{"name":"wp","href":"https:\/\/api.w.org\/{rel}","templated":true}]}}