{"id":16947,"date":"2023-09-05T11:08:52","date_gmt":"2023-09-05T14:08:52","guid":{"rendered":"http:\/\/dgospel.com.br\/portal\/?p=16947"},"modified":"2023-09-05T11:08:54","modified_gmt":"2023-09-05T14:08:54","slug":"justica-reconhece-uniao-estavel-de-trisal-para-registro-do-filho","status":"publish","type":"post","link":"https:\/\/dgospel.com.br\/portal\/index.php\/2023\/09\/05\/justica-reconhece-uniao-estavel-de-trisal-para-registro-do-filho\/","title":{"rendered":"Justi\u00e7a reconhece uni\u00e3o est\u00e1vel de trisal para registro do filho"},"content":{"rendered":"\n<p>A Justi\u00e7a do Rio Grande do Sul reconheceu a uni\u00e3o est\u00e1vel de um trisal no dia 28 de agosto, permitindo assim que o filho que est\u00e1 sendo gerado por uma das mulheres seja registrado em nome das tr\u00eas pessoas.<\/p>\n\n\n\n<p>A decis\u00e3o foi dada pela 2\u00aa Vara de Fam\u00edlia e Sucess\u00f5es da Comarca de Novo Hamburgo, na Regi\u00e3o Metropolitana de Porto Alegre, referente a uma uni\u00e3o entre tr\u00eas pessoas, sendo um homem e duas mulheres.<\/p>\n\n\n\n<p>O Minist\u00e9rio P\u00fablico (MP) pode recorrer, tendo 30 dias para se manifestar sobre a decis\u00e3o da primeira inst\u00e2ncia.<\/p>\n\n\n\n<p>De acordo com o advogado do trisal, \u00c1lvaro Klein, Denis e Let\u00edcia est\u00e3o casados desde 2006 e buscam h\u00e1 dez anos reconhecer a rela\u00e7\u00e3o que eles dois mant\u00eam com outra mulher, Keterlin. Essa segunda mulher est\u00e1 gr\u00e1vida e o beb\u00ea deve nascer em outubro.<\/p>\n\n\n\n<p>\u2013 Eles queriam uma seguran\u00e7a e encontraram ela na forma do casamento. At\u00e9 pela quest\u00e3o de cuidado um com o outro e garantias. Como \u00e9 uma rela\u00e7\u00e3o longa, j\u00e1 h\u00e1 uma din\u00e2mica familiar, entre amigos e conhecidos. Foi mais um passo no relacionamento deles \u2013 disse o advogado \u00e0 RBS TV.<\/p>\n\n\n\n<p>Antes de ir \u00e0 Justi\u00e7a, o trisal tentou registrar a uni\u00e3o no cart\u00f3rio, mas o pedido foi negado. O tabelionato exigia que primeiro eles se divorciassem, para ent\u00e3o apresentar o pedido.<\/p>\n\n\n\n<p>\u2013 Sempre teve nos nossos planos ter filhos e quando aconteceu decidimos buscar a Justi\u00e7a. Ficamos extremamente felizes com a decis\u00e3o, afinal, s\u00e3o dez anos. Muitos dos relacionamentos \u201cnormais\u201d nem chegam a tanto \u2013 disse Let\u00edcia<\/p>\n\n\n\n<p>Com a decis\u00e3o, abre-se precedente para que os cart\u00f3rios sejam obrigados a aceitar esse tipo de registro.<\/p>\n","protected":false},"excerpt":{"rendered":"<p>A Justi\u00e7a do Rio Grande do Sul reconheceu a uni\u00e3o est\u00e1vel de um trisal no dia 28 de agosto, permitindo assim que o filho que est\u00e1 sendo gerado por uma das mulheres seja registrado em nome das tr\u00eas pessoas. A decis\u00e3o foi dada pela 2\u00aa Vara de Fam\u00edlia e Sucess\u00f5es da Comarca de Novo Hamburgo, [&hellip;]<\/p>\n","protected":false},"author":2,"featured_media":16948,"comment_status":"open","ping_status":"open","sticky":false,"template":"","format":"standard","meta":[],"categories":[10],"tags":[],"_links":{"self":[{"href":"https:\/\/dgospel.com.br\/portal\/index.php\/wp-json\/wp\/v2\/posts\/16947"}],"collection":[{"href":"https:\/\/dgospel.com.br\/portal\/index.php\/wp-json\/wp\/v2\/posts"}],"about":[{"href":"https:\/\/dgospel.com.br\/portal\/index.php\/wp-json\/wp\/v2\/types\/post"}],"author":[{"embeddable":true,"href":"https:\/\/dgospel.com.br\/portal\/index.php\/wp-json\/wp\/v2\/users\/2"}],"replies":[{"embeddable":true,"href":"https:\/\/dgospel.com.br\/portal\/index.php\/wp-json\/wp\/v2\/comments?post=16947"}],"version-history":[{"count":1,"href":"https:\/\/dgospel.com.br\/portal\/index.php\/wp-json\/wp\/v2\/posts\/16947\/revisions"}],"predecessor-version":[{"id":16949,"href":"https:\/\/dgospel.com.br\/portal\/index.php\/wp-json\/wp\/v2\/posts\/16947\/revisions\/16949"}],"wp:featuredmedia":[{"embeddable":true,"href":"https:\/\/dgospel.com.br\/portal\/index.php\/wp-json\/wp\/v2\/media\/16948"}],"wp:attachment":[{"href":"https:\/\/dgospel.com.br\/portal\/index.php\/wp-json\/wp\/v2\/media?parent=16947"}],"wp:term":[{"taxonomy":"category","embeddable":true,"href":"https:\/\/dgospel.com.br\/portal\/index.php\/wp-json\/wp\/v2\/categories?post=16947"},{"taxonomy":"post_tag","embeddable":true,"href":"https:\/\/dgospel.com.br\/portal\/index.php\/wp-json\/wp\/v2\/tags?post=16947"}],"curies":[{"name":"wp","href":"https:\/\/api.w.org\/{rel}","templated":true}]}}