{"id":16950,"date":"2023-09-05T11:10:35","date_gmt":"2023-09-05T14:10:35","guid":{"rendered":"http:\/\/dgospel.com.br\/portal\/?p=16950"},"modified":"2023-09-05T11:10:36","modified_gmt":"2023-09-05T14:10:36","slug":"pedido-de-impeachment-contra-dino-e-protocolado-na-pgr","status":"publish","type":"post","link":"https:\/\/dgospel.com.br\/portal\/index.php\/2023\/09\/05\/pedido-de-impeachment-contra-dino-e-protocolado-na-pgr\/","title":{"rendered":"Pedido de impeachment contra Dino \u00e9 protocolado na PGR"},"content":{"rendered":"\n<p>O ministro da Justi\u00e7a, Fl\u00e1vio Dino, se tornou alvo de um pedido de impeachment protocolado por parlamentares de oposi\u00e7\u00e3o, nesta segunda-feira (4). A representa\u00e7\u00e3o considera que h\u00e1 \u201cfortes ind\u00edcios\u201d de que o titular da pasta tenha apresentado \u201cconduta ativa para a exclus\u00e3o das imagens\u201d gravadas no 8 de janeiro, na sede da Justi\u00e7a, o que implicaria \u201cfraude processual\u201d.<\/p>\n\n\n\n<p>O texto ainda sustenta que Dino teria cometido crime de responsabilidade ao retardar ou impedir que a For\u00e7a Nacional protegesse a Esplanada dos Minist\u00e9rios no dia da invas\u00e3o.<\/p>\n\n\n\n<p>O pedido foi protocolado pelo deputado federal Delegado Paulo Bilynskyj (PL-SP) na Procuradoria Geral da Rep\u00fablica (PGR). Nele, o parlamentar afirma que a a\u00e7\u00e3o do ministro \u201cpermitiu que se perpetrassem crimes contra a seguran\u00e7a interna, quais sejam, Crimes Contra o Estado Democr\u00e1tico de Direito, nos termos das den\u00fancias oferecidas pelo MPF em face dos manifestantes\u201d.<\/p>\n\n\n\n<p>\u2013 Assim, Dino praticou crime de responsabilidade \u2013 acusou Bilynskyj.<\/p>\n\n\n\n<p>Apesar de reiterados pedidos da CPMI do 8 de janeiro, o ministro n\u00e3o enviou as imagens do dia da invas\u00e3o em sua totalidade, argumentando que essas foram perdidas devido \u00e0 limitada capacidade de armazenamento. Dino afirma que se trata de \u201cum problema contratual\u201d, pois a empresa respons\u00e1vel n\u00e3o \u00e9 obrigada a manter os registros das c\u00e2meras depois de um tempo determinado.<\/p>\n","protected":false},"excerpt":{"rendered":"<p>O ministro da Justi\u00e7a, Fl\u00e1vio Dino, se tornou alvo de um pedido de impeachment protocolado por parlamentares de oposi\u00e7\u00e3o, nesta segunda-feira (4). A representa\u00e7\u00e3o considera que h\u00e1 \u201cfortes ind\u00edcios\u201d de que o titular da pasta tenha apresentado \u201cconduta ativa para a exclus\u00e3o das imagens\u201d gravadas no 8 de janeiro, na sede da Justi\u00e7a, o que [&hellip;]<\/p>\n","protected":false},"author":2,"featured_media":16951,"comment_status":"open","ping_status":"open","sticky":false,"template":"","format":"standard","meta":[],"categories":[4],"tags":[],"_links":{"self":[{"href":"https:\/\/dgospel.com.br\/portal\/index.php\/wp-json\/wp\/v2\/posts\/16950"}],"collection":[{"href":"https:\/\/dgospel.com.br\/portal\/index.php\/wp-json\/wp\/v2\/posts"}],"about":[{"href":"https:\/\/dgospel.com.br\/portal\/index.php\/wp-json\/wp\/v2\/types\/post"}],"author":[{"embeddable":true,"href":"https:\/\/dgospel.com.br\/portal\/index.php\/wp-json\/wp\/v2\/users\/2"}],"replies":[{"embeddable":true,"href":"https:\/\/dgospel.com.br\/portal\/index.php\/wp-json\/wp\/v2\/comments?post=16950"}],"version-history":[{"count":1,"href":"https:\/\/dgospel.com.br\/portal\/index.php\/wp-json\/wp\/v2\/posts\/16950\/revisions"}],"predecessor-version":[{"id":16952,"href":"https:\/\/dgospel.com.br\/portal\/index.php\/wp-json\/wp\/v2\/posts\/16950\/revisions\/16952"}],"wp:featuredmedia":[{"embeddable":true,"href":"https:\/\/dgospel.com.br\/portal\/index.php\/wp-json\/wp\/v2\/media\/16951"}],"wp:attachment":[{"href":"https:\/\/dgospel.com.br\/portal\/index.php\/wp-json\/wp\/v2\/media?parent=16950"}],"wp:term":[{"taxonomy":"category","embeddable":true,"href":"https:\/\/dgospel.com.br\/portal\/index.php\/wp-json\/wp\/v2\/categories?post=16950"},{"taxonomy":"post_tag","embeddable":true,"href":"https:\/\/dgospel.com.br\/portal\/index.php\/wp-json\/wp\/v2\/tags?post=16950"}],"curies":[{"name":"wp","href":"https:\/\/api.w.org\/{rel}","templated":true}]}}