{"id":16953,"date":"2023-09-05T11:18:35","date_gmt":"2023-09-05T14:18:35","guid":{"rendered":"http:\/\/dgospel.com.br\/portal\/?p=16953"},"modified":"2023-09-05T11:18:37","modified_gmt":"2023-09-05T14:18:37","slug":"peticao-online-se-posiciona-contra-a-liberacao-das-drogas-pelo-stf","status":"publish","type":"post","link":"https:\/\/dgospel.com.br\/portal\/index.php\/2023\/09\/05\/peticao-online-se-posiciona-contra-a-liberacao-das-drogas-pelo-stf\/","title":{"rendered":"Peti\u00e7\u00e3o online se posiciona contra a libera\u00e7\u00e3o das drogas pelo STF"},"content":{"rendered":"\n<p>A Cruz Azul no Brasil, entidade sem fins lucrativos que promove uma vida sem drogas, criou um abaixo-assinado virtual para que os ministros do Supremo Tribunal Federal (STF) n\u00e3o descriminalize o porte de maconha para consumo pr\u00f3prio.<\/p>\n\n\n\n<p>O julgamento foi paralisado no dia 25 de agosto, com 5 votos a favor e um contr\u00e1rio. Votaram a favor Gilmar Mendes (relator), Lu\u00eds Roberto Barroso, Edson Fachin, Alexandre de Moraes e Rosa Weber. Contra, apenas Cristiano Zanin.<\/p>\n\n\n\n<p>Os ministros Andr\u00e9 Mendon\u00e7a, Nunes Marques, C\u00e1rmen L\u00facia, Dias Toffoli e Luiz Fux ainda n\u00e3o votaram. O julgamento foi interrompido a pedindo do ministro Andr\u00e9 Mendon\u00e7a que tem 90 dias para devolver o tema \u00e0 pauta.<\/p>\n\n\n\n<p>No abaixo-assinado, a entidade que cuida de dependentes de drogas fala das v\u00e1rias evid\u00eancias cient\u00edficas que comprovam os intensos malef\u00edcios dos entorpecentes.<\/p>\n\n\n\n<p>\u2013 As pesquisas apresentadas s\u00e3o chocantes, pois apontam que a maioria dos usu\u00e1rios come\u00e7a a usar antes dos 18 anos, fato que agrava ainda mais os problemas permanentes e cont\u00ednuos que geram na vida desses usu\u00e1rios \u2013 declara parte do documento que cita estudos II Lenad \u2013 Levantamento Nacional de \u00c1lcool e Drogas e outros feitos nos Estados Unidos, Su\u00e9cia e Holanda.<\/p>\n\n\n\n<p>A Cruz Azul tamb\u00e9m fala sobre os crimes cometidos por usu\u00e1rios de drogas, citando dados nacionais.<\/p>\n\n\n\n<p>\u2013 No Brasil, em m\u00e9dia, mais da metade dos crimes contra o patrim\u00f4nio s\u00e3o cometidos por usu\u00e1rios de drogas para manter o v\u00edcio e mais da metade dos homic\u00eddios, principalmente de adolescentes e jovens, tem rela\u00e7\u00e3o direta com a disputa de espa\u00e7o por tr\u00e1fico de drogas.<\/p>\n\n\n\n<p>Quest\u00f5es legais e sociais tamb\u00e9m foram levantadas na peti\u00e7\u00e3o que j\u00e1 conseguiu mais de 23 mil assinaturas.&nbsp;<a href=\"https:\/\/www.change.org\/p\/riscos-da-descriminaliza%C3%A7%C3%A3o-do-porte-para-consumo-da-maconha?fbclid=PAAaY_wQYkB1i86x3bBiMLCNwIrKreAMG8BAnGBPPuP713QArWDB4xdO_Qexk\" target=\"_blank\" rel=\"noreferrer noopener\">Confira aqui<\/a>.<\/p>\n","protected":false},"excerpt":{"rendered":"<p>A Cruz Azul no Brasil, entidade sem fins lucrativos que promove uma vida sem drogas, criou um abaixo-assinado virtual para que os ministros do Supremo Tribunal Federal (STF) n\u00e3o descriminalize o porte de maconha para consumo pr\u00f3prio. O julgamento foi paralisado no dia 25 de agosto, com 5 votos a favor e um contr\u00e1rio. Votaram [&hellip;]<\/p>\n","protected":false},"author":2,"featured_media":16954,"comment_status":"open","ping_status":"open","sticky":false,"template":"","format":"standard","meta":[],"categories":[10],"tags":[],"_links":{"self":[{"href":"https:\/\/dgospel.com.br\/portal\/index.php\/wp-json\/wp\/v2\/posts\/16953"}],"collection":[{"href":"https:\/\/dgospel.com.br\/portal\/index.php\/wp-json\/wp\/v2\/posts"}],"about":[{"href":"https:\/\/dgospel.com.br\/portal\/index.php\/wp-json\/wp\/v2\/types\/post"}],"author":[{"embeddable":true,"href":"https:\/\/dgospel.com.br\/portal\/index.php\/wp-json\/wp\/v2\/users\/2"}],"replies":[{"embeddable":true,"href":"https:\/\/dgospel.com.br\/portal\/index.php\/wp-json\/wp\/v2\/comments?post=16953"}],"version-history":[{"count":1,"href":"https:\/\/dgospel.com.br\/portal\/index.php\/wp-json\/wp\/v2\/posts\/16953\/revisions"}],"predecessor-version":[{"id":16955,"href":"https:\/\/dgospel.com.br\/portal\/index.php\/wp-json\/wp\/v2\/posts\/16953\/revisions\/16955"}],"wp:featuredmedia":[{"embeddable":true,"href":"https:\/\/dgospel.com.br\/portal\/index.php\/wp-json\/wp\/v2\/media\/16954"}],"wp:attachment":[{"href":"https:\/\/dgospel.com.br\/portal\/index.php\/wp-json\/wp\/v2\/media?parent=16953"}],"wp:term":[{"taxonomy":"category","embeddable":true,"href":"https:\/\/dgospel.com.br\/portal\/index.php\/wp-json\/wp\/v2\/categories?post=16953"},{"taxonomy":"post_tag","embeddable":true,"href":"https:\/\/dgospel.com.br\/portal\/index.php\/wp-json\/wp\/v2\/tags?post=16953"}],"curies":[{"name":"wp","href":"https:\/\/api.w.org\/{rel}","templated":true}]}}