{"id":16956,"date":"2023-09-05T11:41:47","date_gmt":"2023-09-05T14:41:47","guid":{"rendered":"http:\/\/dgospel.com.br\/portal\/?p=16956"},"modified":"2023-09-05T11:41:48","modified_gmt":"2023-09-05T14:41:48","slug":"do-bolso-do-contribuinte-em-sete-meses-lula-gastou-r-307-milhoes-em-viagens-internacionais","status":"publish","type":"post","link":"https:\/\/dgospel.com.br\/portal\/index.php\/2023\/09\/05\/do-bolso-do-contribuinte-em-sete-meses-lula-gastou-r-307-milhoes-em-viagens-internacionais\/","title":{"rendered":"Do bolso do contribuinte: Em sete meses, Lula gastou R$ 30,7 milh\u00f5es em viagens internacionais"},"content":{"rendered":"\n<p>O presidente Lula j\u00e1 gastou R$ 30,7 milh\u00f5es em viagens a 16 pa\u00edses at\u00e9 julho deste ano.\u00a0Do total, R$ 11,2 milh\u00f5es destinaram-se apenas \u00e0 hospedagem em hot\u00e9is de luxo para ele e sua comitiva.<a rel=\"noreferrer noopener\" href=\"https:\/\/www.assembleia.pr.leg.br\/assembleia-itinerante\/sugestao-de-melhorias-para-sua-cidade\" target=\"_blank\"><\/a><\/p>\n\n\n\n<p>A primeira-dama, Janja da Silva, tamb\u00e9m se beneficia de acomoda\u00e7\u00f5es luxuosas em suas viagens. O relat\u00f3rio do jornal Gazeta do Povo indicou despesas de R$ 10,4 milh\u00f5es com alugu\u00e9is de ve\u00edculos e outros R$ 9,1 milh\u00f5es com di\u00e1rias para assessores e seguran\u00e7as. Gastos com aeronaves da For\u00e7a A\u00e9rea Brasileira (FAB) n\u00e3o foram detalhados por \u201cquest\u00f5es de seguran\u00e7a\u201d, informou o governo.<\/p>\n\n\n\n<p>Contudo, a transpar\u00eancia na divulga\u00e7\u00e3o desses gastos foi limitada por \u2018motivos de seguran\u00e7a\u2019. O governo liberou apenas valores globais, sem detalhamento por pa\u00eds. Informa\u00e7\u00f5es do jornal indicam, por exemplo, que os custos de hospedagem nas viagens a Pequim, Lisboa, Madri, Paris, Roma, Vaticano e Londres chegaram a milh\u00f5es.<\/p>\n\n\n\n<p>A an\u00e1lise revelou tamb\u00e9m que, em 2023, o presidente fez 25 viagens, com gastos de R$ 10,4 milh\u00f5es apenas em aluguel de ve\u00edculos. Sem dados sobre destinos e datas, fica dif\u00edcil rastrear os gastos por local.<\/p>\n\n\n\n<p>Principais destinos de Lula em 2023:<\/p>\n\n\n\n<p>Argentina e Uruguai (Janeiro)<br>EUA (Fevereiro)<br>China e Emirados \u00c1rabes Unidos (Abril)<br>Portugal e Espanha (Abril)<br>Reino Unido (Maio)<br>Jap\u00e3o (Maio)<br>It\u00e1lia, Vaticano e Fran\u00e7a (Junho)<br>Argentina (Julho)<br>Col\u00f4mbia (Julho)<br>Cabo Verde (Julho)<br>Paraguai (Agosto)<br>\u00c1frica do Sul, Angola e S\u00e3o Tom\u00e9 e Pr\u00edncipe (Agosto)<\/p>\n","protected":false},"excerpt":{"rendered":"<p>O presidente Lula j\u00e1 gastou R$ 30,7 milh\u00f5es em viagens a 16 pa\u00edses at\u00e9 julho deste ano.\u00a0Do total, R$ 11,2 milh\u00f5es destinaram-se apenas \u00e0 hospedagem em hot\u00e9is de luxo para ele e sua comitiva. A primeira-dama, Janja da Silva, tamb\u00e9m se beneficia de acomoda\u00e7\u00f5es luxuosas em suas viagens. O relat\u00f3rio do jornal Gazeta do Povo [&hellip;]<\/p>\n","protected":false},"author":2,"featured_media":16957,"comment_status":"open","ping_status":"open","sticky":false,"template":"","format":"standard","meta":[],"categories":[4],"tags":[],"_links":{"self":[{"href":"https:\/\/dgospel.com.br\/portal\/index.php\/wp-json\/wp\/v2\/posts\/16956"}],"collection":[{"href":"https:\/\/dgospel.com.br\/portal\/index.php\/wp-json\/wp\/v2\/posts"}],"about":[{"href":"https:\/\/dgospel.com.br\/portal\/index.php\/wp-json\/wp\/v2\/types\/post"}],"author":[{"embeddable":true,"href":"https:\/\/dgospel.com.br\/portal\/index.php\/wp-json\/wp\/v2\/users\/2"}],"replies":[{"embeddable":true,"href":"https:\/\/dgospel.com.br\/portal\/index.php\/wp-json\/wp\/v2\/comments?post=16956"}],"version-history":[{"count":1,"href":"https:\/\/dgospel.com.br\/portal\/index.php\/wp-json\/wp\/v2\/posts\/16956\/revisions"}],"predecessor-version":[{"id":16958,"href":"https:\/\/dgospel.com.br\/portal\/index.php\/wp-json\/wp\/v2\/posts\/16956\/revisions\/16958"}],"wp:featuredmedia":[{"embeddable":true,"href":"https:\/\/dgospel.com.br\/portal\/index.php\/wp-json\/wp\/v2\/media\/16957"}],"wp:attachment":[{"href":"https:\/\/dgospel.com.br\/portal\/index.php\/wp-json\/wp\/v2\/media?parent=16956"}],"wp:term":[{"taxonomy":"category","embeddable":true,"href":"https:\/\/dgospel.com.br\/portal\/index.php\/wp-json\/wp\/v2\/categories?post=16956"},{"taxonomy":"post_tag","embeddable":true,"href":"https:\/\/dgospel.com.br\/portal\/index.php\/wp-json\/wp\/v2\/tags?post=16956"}],"curies":[{"name":"wp","href":"https:\/\/api.w.org\/{rel}","templated":true}]}}