{"id":16959,"date":"2023-09-05T11:44:41","date_gmt":"2023-09-05T14:44:41","guid":{"rendered":"http:\/\/dgospel.com.br\/portal\/?p=16959"},"modified":"2023-09-05T11:44:42","modified_gmt":"2023-09-05T14:44:42","slug":"antropologo-renomado-vai-a-tv-falar-sobre-o-grande-crescimento-evangelico-no-brasil","status":"publish","type":"post","link":"https:\/\/dgospel.com.br\/portal\/index.php\/2023\/09\/05\/antropologo-renomado-vai-a-tv-falar-sobre-o-grande-crescimento-evangelico-no-brasil\/","title":{"rendered":"Antrop\u00f3logo renomado vai \u00e0 TV falar sobre o grande crescimento evang\u00e9lico no Brasil"},"content":{"rendered":"\n<p>A Igreja Evang\u00e9lica no Brasil explodiu em n\u00famero de templos e correntes teol\u00f3gicas nas \u00faltimas d\u00e9cadas, algo que ser\u00e1 abordado pelo renomado antrop\u00f3logo Juliano Spyer, autor do livro \u201cPovo de Deus\u201d, no programa \u201cProvoca\u201d, apresentado por Marcelo Tas na TV Cultura.<\/p>\n\n\n\n<p>A entrevista com Spyer ser\u00e1 nesta ter\u00e7a-feira (5) e dever\u00e1 trazer \u00e0 tona o que as \u00faltimas pesquisas v\u00eam apontando sobre o crescimento evang\u00e9lico no Brasil. Segundo dados do&nbsp;<a href=\"https:\/\/noticias.gospelmais.com.br\/igrejas-evangelicas-no-brasil-saltaram-mais-109-mil-163316.html\">Centro de Estudos da Metr\u00f3pole (CEM)<\/a>, por exemplo, o Brasil registrou um aumento de 543% no n\u00famero de templos evang\u00e9licos entre 1990 e 2019.<\/p>\n\n\n\n<p>Esse crescimento vertiginoso tamb\u00e9m j\u00e1 havia sido apontado por uma pesquisa do Instituto Datafolha no ano de 2016. Na \u00e9poca, o \u00f3rg\u00e3o constatou que \u201cum em cada tr\u00eas brasileiros com 16 anos ou mais atualmente s\u00e3o evang\u00e9licos\u201d.<\/p>\n\n\n\n<p>Esse foi o tema de uma pesquisa feita por Spyer, resultando em seu livro que \u00e9 uma refer\u00eancia no que diz respeito ao olhar antropol\u00f3gico sobre o protestantismo brasileiro.<\/p>\n\n\n\n<p>O antrop\u00f3logo chegou a viver em uma comunidade, sendo membro de uma Igreja Assembleia de Deus, com o objetivo de analisar o crescimento religioso dos evang\u00e9licos como um fen\u00f4meno nacional.<\/p>\n\n\n\n<h2>Constata\u00e7\u00f5es positivas<\/h2>\n\n\n\n<p>Em uma entrevista para a revista Senso, Spyer destacou v\u00e1rios pontos positivos em sua pesquisa sobre as igrejas evang\u00e9licas, dizendo-se \u201cparticularmente surpreso\u201d, por exemplo, com o modo como as denomina\u00e7\u00f5es protestantes favorecem o aprendizado em regi\u00f5es perif\u00e9ricas, onde o acesso \u00e0 educa\u00e7\u00e3o \u00e9 prec\u00e1rio.<\/p>\n\n\n\n<p>\u201cA igreja cumpre o papel de escola\u201d, disse ele. Outro destaque dado pelo antrop\u00f3logo foi a quest\u00e3o da reabilita\u00e7\u00e3o social de pessoas que j\u00e1 praticaram crimes e a mudan\u00e7a de comportamento de indiv\u00edduos com hist\u00f3ricos de viol\u00eancia e abuso de subst\u00e2ncias.<\/p>\n\n\n\n<p>\u201cFiquei muito impressionado como nestes casos, por causa da convers\u00e3o, esses homens tinham se tornado bons pais, bons companheiros, \u2018batalhadores\u2019. N\u00e3o estudei esse assunto; mas entendo que a igreja oferece para a sociedade um servi\u00e7o valioso, que um amigo evang\u00e9lico chamou de \u2018reciclagem de almas&#8217;\u201d,\u00a0<a href=\"https:\/\/revistasenso.com.br\/coluna\/o-brasil-evangelico-uma-entrevista-com-o-antropologo-juliano-spyer\/\">disse<\/a>\u00a0ele. <\/p>\n","protected":false},"excerpt":{"rendered":"<p>A Igreja Evang\u00e9lica no Brasil explodiu em n\u00famero de templos e correntes teol\u00f3gicas nas \u00faltimas d\u00e9cadas, algo que ser\u00e1 abordado pelo renomado antrop\u00f3logo Juliano Spyer, autor do livro \u201cPovo de Deus\u201d, no programa \u201cProvoca\u201d, apresentado por Marcelo Tas na TV Cultura. A entrevista com Spyer ser\u00e1 nesta ter\u00e7a-feira (5) e dever\u00e1 trazer \u00e0 tona o [&hellip;]<\/p>\n","protected":false},"author":2,"featured_media":16960,"comment_status":"open","ping_status":"open","sticky":false,"template":"","format":"standard","meta":[],"categories":[5],"tags":[],"_links":{"self":[{"href":"https:\/\/dgospel.com.br\/portal\/index.php\/wp-json\/wp\/v2\/posts\/16959"}],"collection":[{"href":"https:\/\/dgospel.com.br\/portal\/index.php\/wp-json\/wp\/v2\/posts"}],"about":[{"href":"https:\/\/dgospel.com.br\/portal\/index.php\/wp-json\/wp\/v2\/types\/post"}],"author":[{"embeddable":true,"href":"https:\/\/dgospel.com.br\/portal\/index.php\/wp-json\/wp\/v2\/users\/2"}],"replies":[{"embeddable":true,"href":"https:\/\/dgospel.com.br\/portal\/index.php\/wp-json\/wp\/v2\/comments?post=16959"}],"version-history":[{"count":1,"href":"https:\/\/dgospel.com.br\/portal\/index.php\/wp-json\/wp\/v2\/posts\/16959\/revisions"}],"predecessor-version":[{"id":16961,"href":"https:\/\/dgospel.com.br\/portal\/index.php\/wp-json\/wp\/v2\/posts\/16959\/revisions\/16961"}],"wp:featuredmedia":[{"embeddable":true,"href":"https:\/\/dgospel.com.br\/portal\/index.php\/wp-json\/wp\/v2\/media\/16960"}],"wp:attachment":[{"href":"https:\/\/dgospel.com.br\/portal\/index.php\/wp-json\/wp\/v2\/media?parent=16959"}],"wp:term":[{"taxonomy":"category","embeddable":true,"href":"https:\/\/dgospel.com.br\/portal\/index.php\/wp-json\/wp\/v2\/categories?post=16959"},{"taxonomy":"post_tag","embeddable":true,"href":"https:\/\/dgospel.com.br\/portal\/index.php\/wp-json\/wp\/v2\/tags?post=16959"}],"curies":[{"name":"wp","href":"https:\/\/api.w.org\/{rel}","templated":true}]}}