{"id":16974,"date":"2023-09-05T12:31:41","date_gmt":"2023-09-05T15:31:41","guid":{"rendered":"http:\/\/dgospel.com.br\/portal\/?p=16974"},"modified":"2023-09-05T12:31:42","modified_gmt":"2023-09-05T15:31:42","slug":"governo-do-tocantins-divulga-resultado-preliminar-da-prova-discursiva-do-concurso-da-educacao","status":"publish","type":"post","link":"https:\/\/dgospel.com.br\/portal\/index.php\/2023\/09\/05\/governo-do-tocantins-divulga-resultado-preliminar-da-prova-discursiva-do-concurso-da-educacao\/","title":{"rendered":"Governo do Tocantins divulga resultado preliminar da prova discursiva do concurso da Educa\u00e7\u00e3o"},"content":{"rendered":"\n<p>O Governo do Tocantins, por meio das secretarias da Educa\u00e7\u00e3o (Seduc) e Administra\u00e7\u00e3o (Secad), divulgou no Di\u00e1rio Oficial do Estado desta segunda-feira, 4, o resultado preliminar da prova discursiva do concurso da Educa\u00e7\u00e3o. A Funda\u00e7\u00e3o Get\u00falio Vargas (FGV) \u00e9 a banca realizadora do certame.<\/p>\n\n\n\n<p>De acordo com o cronograma do concurso, a pr\u00f3xima etapa \u00e9 a publica\u00e7\u00e3o do resultado definitivo da prova discursiva e a convoca\u00e7\u00e3o para a per\u00edcia m\u00e9dica, ambas no dia 06 de outubro.<\/p>\n\n\n\n<p>Aguardado h\u00e1 mais de 14 anos, o concurso oferta 5.242 vagas para o provimento dos cargos de professor da educa\u00e7\u00e3o b\u00e1sica, coordenador pedag\u00f3gico, orientador educacional, professor da educa\u00e7\u00e3o b\u00e1sica, orientador educacional e coordenador pedag\u00f3gico na educa\u00e7\u00e3o ind\u00edgena. Atualmente, com o reajuste de 11% somado a data-base de 5,93%, a remunera\u00e7\u00e3o inicial \u00e9 de R$ 5.674,35.<\/p>\n\n\n\n<p>O certame contou com um total de 35.986 inscritos, e as provas foram realizadas no dia 11 de junho deste ano.<\/p>\n\n\n\n<p><strong>Cronograma<\/strong><\/p>\n\n\n\n<p>Publica\u00e7\u00e3o do Resultado Definitivo da Prova Discursiva 06\/10\/2023<\/p>\n\n\n\n<p>Convoca\u00e7\u00e3o para a Per\u00edcia M\u00e9dica 06\/10\/2023<\/p>\n\n\n\n<p>Realiza\u00e7\u00e3o da Per\u00edcia M\u00e9dica 29\/10\/2023<\/p>\n\n\n\n<p>Publica\u00e7\u00e3o do Resultado preliminar da Avalia\u00e7\u00e3o de T\u00edtulos 03\/11\/2023<\/p>\n\n\n\n<p>Divulga\u00e7\u00e3o do resultado preliminar da Per\u00edcia M\u00e9dica 09\/11\/2023<\/p>\n\n\n\n<p>Publica\u00e7\u00e3o do Resultado definitivo da Avalia\u00e7\u00e3o de T\u00edtulos 24\/11\/2023<\/p>\n\n\n\n<p>Resultado Definitivo da Per\u00edcia M\u00e9dica 30\/11\/2023<\/p>\n\n\n\n<p>Resultado Final do Concurso 30\/11\/2023<\/p>\n","protected":false},"excerpt":{"rendered":"<p>O Governo do Tocantins, por meio das secretarias da Educa\u00e7\u00e3o (Seduc) e Administra\u00e7\u00e3o (Secad), divulgou no Di\u00e1rio Oficial do Estado desta segunda-feira, 4, o resultado preliminar da prova discursiva do concurso da Educa\u00e7\u00e3o. A Funda\u00e7\u00e3o Get\u00falio Vargas (FGV) \u00e9 a banca realizadora do certame. De acordo com o cronograma do concurso, a pr\u00f3xima etapa \u00e9 [&hellip;]<\/p>\n","protected":false},"author":2,"featured_media":16975,"comment_status":"open","ping_status":"open","sticky":false,"template":"","format":"standard","meta":[],"categories":[3],"tags":[13],"_links":{"self":[{"href":"https:\/\/dgospel.com.br\/portal\/index.php\/wp-json\/wp\/v2\/posts\/16974"}],"collection":[{"href":"https:\/\/dgospel.com.br\/portal\/index.php\/wp-json\/wp\/v2\/posts"}],"about":[{"href":"https:\/\/dgospel.com.br\/portal\/index.php\/wp-json\/wp\/v2\/types\/post"}],"author":[{"embeddable":true,"href":"https:\/\/dgospel.com.br\/portal\/index.php\/wp-json\/wp\/v2\/users\/2"}],"replies":[{"embeddable":true,"href":"https:\/\/dgospel.com.br\/portal\/index.php\/wp-json\/wp\/v2\/comments?post=16974"}],"version-history":[{"count":1,"href":"https:\/\/dgospel.com.br\/portal\/index.php\/wp-json\/wp\/v2\/posts\/16974\/revisions"}],"predecessor-version":[{"id":16976,"href":"https:\/\/dgospel.com.br\/portal\/index.php\/wp-json\/wp\/v2\/posts\/16974\/revisions\/16976"}],"wp:featuredmedia":[{"embeddable":true,"href":"https:\/\/dgospel.com.br\/portal\/index.php\/wp-json\/wp\/v2\/media\/16975"}],"wp:attachment":[{"href":"https:\/\/dgospel.com.br\/portal\/index.php\/wp-json\/wp\/v2\/media?parent=16974"}],"wp:term":[{"taxonomy":"category","embeddable":true,"href":"https:\/\/dgospel.com.br\/portal\/index.php\/wp-json\/wp\/v2\/categories?post=16974"},{"taxonomy":"post_tag","embeddable":true,"href":"https:\/\/dgospel.com.br\/portal\/index.php\/wp-json\/wp\/v2\/tags?post=16974"}],"curies":[{"name":"wp","href":"https:\/\/api.w.org\/{rel}","templated":true}]}}