{"id":16983,"date":"2023-09-06T21:16:39","date_gmt":"2023-09-07T00:16:39","guid":{"rendered":"http:\/\/dgospel.com.br\/portal\/?p=16983"},"modified":"2023-09-06T21:16:40","modified_gmt":"2023-09-07T00:16:40","slug":"aprovado-projeto-de-lei-de-leo-barbosa-que-institui-o-sistema-de-ensino-da-policia-militar-do-tocantins","status":"publish","type":"post","link":"https:\/\/dgospel.com.br\/portal\/index.php\/2023\/09\/06\/aprovado-projeto-de-lei-de-leo-barbosa-que-institui-o-sistema-de-ensino-da-policia-militar-do-tocantins\/","title":{"rendered":"Aprovado Projeto de Lei de L\u00e9o Barbosa que institui o Sistema de Ensino da Pol\u00edcia Militar do Tocantins"},"content":{"rendered":"\n<p>O plen\u00e1rio da Assembleia Legislativa do Tocantins aprovou nesta ter\u00e7a-feira, 05, o Projeto de Lei n\u00ba 206\/2023, de autoria do deputado estadual L\u00e9o Barbosa (Republicanos), que institui o Sistema de Ensino da Pol\u00edcia Militar do Tocantins.<\/p>\n\n\n\n<p>Segundo a justificativa do projeto, o objetivo \u00e9 regulamentar o sistema de ensino da PMTO para promover a constru\u00e7\u00e3o e produ\u00e7\u00e3o de conhecimentos cient\u00edficos, tecnol\u00f3gicos, human\u00edsticos e gerais indispens\u00e1veis \u00e0 capacita\u00e7\u00e3o profissional, voltada para a seguran\u00e7a p\u00fablica. A implementa\u00e7\u00e3o visa integrar a educa\u00e7\u00e3o superior em diversas modalidades e tem como embasamento os termos do Art. 83, da Lei Federal N\u00ba 9.394 de 20 de dezembro de 1996.<\/p>\n\n\n\n<p>Durante a vota\u00e7\u00e3o, Barbosa defendeu a import\u00e2ncia da qualifica\u00e7\u00e3o profissional e destacou que a regulamenta\u00e7\u00e3o dar\u00e1 mais condi\u00e7\u00f5es, tanto jur\u00eddicas quanto de estrutura, para a realiza\u00e7\u00e3o de cursos e capacita\u00e7\u00f5es dentro da corpora\u00e7\u00e3o.<\/p>\n\n\n\n<p>\u201cEst\u00e3o sendo realizados in\u00fameros cursos, aplica\u00e7\u00e3o de ensino cient\u00edfico, semin\u00e1rios, a nossa pol\u00edcia militar tem recebido inclusive militares de outros estados, e n\u00f3s precisamos regulamentar. A lei dar\u00e1 ferramentas a eles de trabalhar com seguran\u00e7a jur\u00eddica e de ensinar com tranquilidade, ent\u00e3o quero parabenizar os policiais pela conquista e dizer que vai refletir positivamente do soldado ao coronel\u201d, ressaltou o parlamentar.<\/p>\n\n\n\n<p>L\u00e9o explicou ainda que a ideia para a apresenta\u00e7\u00e3o do projeto partiu dos pr\u00f3prios militares e que toda sociedade tende a ganhar com a capacita\u00e7\u00e3o constante dos policiais. \u201cEu propus o projeto e quero ressaltar a insist\u00eancia e a motiva\u00e7\u00e3o do coronel Welder em trazer essa lei para que ela se tornasse realidade e quem ganha \u00e9 a gloriosa Pol\u00edcia Militar, mas tamb\u00e9m \u00e9 a sociedade tocantinense que ter\u00e1 uma pol\u00edcia cada vez mais preparada\u201d, completou.<\/p>\n\n\n\n<p>No texto aprovado consta que o sistema de Ensino da PMTO compreende a educa\u00e7\u00e3o superior nos seus mais diversos n\u00edveis e modalidades, com fulcro na atua\u00e7\u00e3o em seguran\u00e7a p\u00fablica; e a educa\u00e7\u00e3o profissional, de acordo com as \u00e1reas de concentra\u00e7\u00e3o dos estudos e das fun\u00e7\u00f5es atribu\u00eddas aos agentes de seguran\u00e7a p\u00fablica.<\/p>\n\n\n\n<p>A mat\u00e9ria aguarda a san\u00e7\u00e3o do governador Wanderlei Barbosa (Republicanos).<\/p>\n","protected":false},"excerpt":{"rendered":"<p>O plen\u00e1rio da Assembleia Legislativa do Tocantins aprovou nesta ter\u00e7a-feira, 05, o Projeto de Lei n\u00ba 206\/2023, de autoria do deputado estadual L\u00e9o Barbosa (Republicanos), que institui o Sistema de Ensino da Pol\u00edcia Militar do Tocantins. Segundo a justificativa do projeto, o objetivo \u00e9 regulamentar o sistema de ensino da PMTO para promover a constru\u00e7\u00e3o [&hellip;]<\/p>\n","protected":false},"author":2,"featured_media":16984,"comment_status":"open","ping_status":"open","sticky":false,"template":"","format":"standard","meta":[],"categories":[8],"tags":[13],"_links":{"self":[{"href":"https:\/\/dgospel.com.br\/portal\/index.php\/wp-json\/wp\/v2\/posts\/16983"}],"collection":[{"href":"https:\/\/dgospel.com.br\/portal\/index.php\/wp-json\/wp\/v2\/posts"}],"about":[{"href":"https:\/\/dgospel.com.br\/portal\/index.php\/wp-json\/wp\/v2\/types\/post"}],"author":[{"embeddable":true,"href":"https:\/\/dgospel.com.br\/portal\/index.php\/wp-json\/wp\/v2\/users\/2"}],"replies":[{"embeddable":true,"href":"https:\/\/dgospel.com.br\/portal\/index.php\/wp-json\/wp\/v2\/comments?post=16983"}],"version-history":[{"count":1,"href":"https:\/\/dgospel.com.br\/portal\/index.php\/wp-json\/wp\/v2\/posts\/16983\/revisions"}],"predecessor-version":[{"id":16985,"href":"https:\/\/dgospel.com.br\/portal\/index.php\/wp-json\/wp\/v2\/posts\/16983\/revisions\/16985"}],"wp:featuredmedia":[{"embeddable":true,"href":"https:\/\/dgospel.com.br\/portal\/index.php\/wp-json\/wp\/v2\/media\/16984"}],"wp:attachment":[{"href":"https:\/\/dgospel.com.br\/portal\/index.php\/wp-json\/wp\/v2\/media?parent=16983"}],"wp:term":[{"taxonomy":"category","embeddable":true,"href":"https:\/\/dgospel.com.br\/portal\/index.php\/wp-json\/wp\/v2\/categories?post=16983"},{"taxonomy":"post_tag","embeddable":true,"href":"https:\/\/dgospel.com.br\/portal\/index.php\/wp-json\/wp\/v2\/tags?post=16983"}],"curies":[{"name":"wp","href":"https:\/\/api.w.org\/{rel}","templated":true}]}}