{"id":16992,"date":"2023-09-06T21:48:57","date_gmt":"2023-09-07T00:48:57","guid":{"rendered":"http:\/\/dgospel.com.br\/portal\/?p=16992"},"modified":"2023-09-06T21:48:57","modified_gmt":"2023-09-07T00:48:57","slug":"moro-reage-a-toffoli-corrupcao-nos-governos-do-pt-foi-real","status":"publish","type":"post","link":"https:\/\/dgospel.com.br\/portal\/index.php\/2023\/09\/06\/moro-reage-a-toffoli-corrupcao-nos-governos-do-pt-foi-real\/","title":{"rendered":"Moro reage a Toffoli: \u201cCorrup\u00e7\u00e3o nos governos do PT foi real\u201d"},"content":{"rendered":"\n<p>O senador Sergio Moro (Uni\u00e3o Brasil-PR), ex-juiz da Opera\u00e7\u00e3o Lava Jato, reagiu enfaticamente \u00e0 decis\u00e3o do ministro Dias Toffoli, do Supremo Tribunal Federal (STF), que classificou a pris\u00e3o do presidente Luiz In\u00e1cio Lula da Silva (PT) como \u201co maior erro judici\u00e1rio do pa\u00eds\u201d e apontou \u201cparcialidade e conluio\u201d entre os agentes que atuaram na investiga\u00e7\u00e3o.<\/p>\n\n\n\n<p>\u2013 A corrup\u00e7\u00e3o nos governos do PT foi real, criminosos confessaram e mais de R$ 6 bilh\u00f5es foram recuperados para a Petrobras \u2013 afirmou Moro; em seu perfil no X, no final da manh\u00e3 desta quarta-feira (6); em meio ao rebuli\u00e7o causado pela decis\u00e3o de Toffoli.<\/p>\n\n\n\n<p>Moro diz que a atua\u00e7\u00e3o da for\u00e7a-tarefa foi \u201cdentro da lei, com as decis\u00f5es confirmadas durante anos pelos Tribunais Superiores\u201d. A afirma\u00e7\u00e3o contrasta com as pondera\u00e7\u00f5es de Toffoli, que fez duras cr\u00edticas \u00e0s condutas tanto dos magistrados como dos procuradores que atuaram na opera\u00e7\u00e3o.<\/p>\n\n\n\n<p>Ao enterrar de vez as provas do acordo de leni\u00eancia da Odebrecht, Toffoli ressaltou que a \u201cparcialidade\u201d do ju\u00edzo da 13\u00aa Vara Federal de Curitiba, base da Opera\u00e7\u00e3o Lava Jato, \u201cextrapolou todos os limites e com certeza contamina diversos outros procedimentos\u201d.<\/p>\n\n\n\n<p>O ministro do STF ressaltou que os \u201cconstantes ajustes e combina\u00e7\u00f5es\u201d realizados entre o ex-juiz Sergio Moro e os procuradores da extinta for\u00e7a-tarefa da Lava Jato \u201crepresentam verdadeiro conluio a inviabilizar o exerc\u00edcio do contradit\u00f3rio e da ampla defesa\u201d.<\/p>\n\n\n\n<p>*AE<\/p>\n","protected":false},"excerpt":{"rendered":"<p>O senador Sergio Moro (Uni\u00e3o Brasil-PR), ex-juiz da Opera\u00e7\u00e3o Lava Jato, reagiu enfaticamente \u00e0 decis\u00e3o do ministro Dias Toffoli, do Supremo Tribunal Federal (STF), que classificou a pris\u00e3o do presidente Luiz In\u00e1cio Lula da Silva (PT) como \u201co maior erro judici\u00e1rio do pa\u00eds\u201d e apontou \u201cparcialidade e conluio\u201d entre os agentes que atuaram na investiga\u00e7\u00e3o. [&hellip;]<\/p>\n","protected":false},"author":2,"featured_media":16993,"comment_status":"open","ping_status":"open","sticky":false,"template":"","format":"standard","meta":[],"categories":[4],"tags":[],"_links":{"self":[{"href":"https:\/\/dgospel.com.br\/portal\/index.php\/wp-json\/wp\/v2\/posts\/16992"}],"collection":[{"href":"https:\/\/dgospel.com.br\/portal\/index.php\/wp-json\/wp\/v2\/posts"}],"about":[{"href":"https:\/\/dgospel.com.br\/portal\/index.php\/wp-json\/wp\/v2\/types\/post"}],"author":[{"embeddable":true,"href":"https:\/\/dgospel.com.br\/portal\/index.php\/wp-json\/wp\/v2\/users\/2"}],"replies":[{"embeddable":true,"href":"https:\/\/dgospel.com.br\/portal\/index.php\/wp-json\/wp\/v2\/comments?post=16992"}],"version-history":[{"count":1,"href":"https:\/\/dgospel.com.br\/portal\/index.php\/wp-json\/wp\/v2\/posts\/16992\/revisions"}],"predecessor-version":[{"id":16994,"href":"https:\/\/dgospel.com.br\/portal\/index.php\/wp-json\/wp\/v2\/posts\/16992\/revisions\/16994"}],"wp:featuredmedia":[{"embeddable":true,"href":"https:\/\/dgospel.com.br\/portal\/index.php\/wp-json\/wp\/v2\/media\/16993"}],"wp:attachment":[{"href":"https:\/\/dgospel.com.br\/portal\/index.php\/wp-json\/wp\/v2\/media?parent=16992"}],"wp:term":[{"taxonomy":"category","embeddable":true,"href":"https:\/\/dgospel.com.br\/portal\/index.php\/wp-json\/wp\/v2\/categories?post=16992"},{"taxonomy":"post_tag","embeddable":true,"href":"https:\/\/dgospel.com.br\/portal\/index.php\/wp-json\/wp\/v2\/tags?post=16992"}],"curies":[{"name":"wp","href":"https:\/\/api.w.org\/{rel}","templated":true}]}}