{"id":17,"date":"2018-05-09T14:02:10","date_gmt":"2018-05-09T17:02:10","guid":{"rendered":"http:\/\/dgospel.com.br\/portal\/?p=17"},"modified":"2018-05-09T14:02:10","modified_gmt":"2018-05-09T17:02:10","slug":"adolescentes-do-centro-socioeducativo-de-palmas-buscam-conhecimento-na-agrotins","status":"publish","type":"post","link":"https:\/\/dgospel.com.br\/portal\/index.php\/2018\/05\/09\/adolescentes-do-centro-socioeducativo-de-palmas-buscam-conhecimento-na-agrotins\/","title":{"rendered":"Adolescentes do Centro Socioeducativo de Palmas buscam conhecimento na Agrotins"},"content":{"rendered":"<p class=\"yiv3003807173MsoNormal\">Em busca de novidades e inova\u00e7\u00f5es, os adolescentes da unidade socieoducativa est\u00e3o conferindo de perto o que a Feira de Tecnologia Agropecu\u00e1ria do Tocantins (Agrotins 2018) est\u00e1 mostrando desde a ter\u00e7a-feira, 8, no Parque Agrotecnol\u00f3gico de Palmas. A 18\u00aa edi\u00e7\u00e3o do evento, este ano, tem como tema\u00a0<i>O Futuro da Agroind\u00fastria Sustent\u00e1vel<\/i>. A pr\u00e1tica da horticultura no Centro de Atendimento Socioeducativo (Case), em Palmas, tem despertado a voca\u00e7\u00e3o e o talento em muitos adolescentes que cumprem medidas socioeducativas e qualquer nova oportunidade de conhecimento nessa \u00e1rea nunca \u00e9 desperdi\u00e7ada.<\/p>\n<p class=\"yiv3003807173MsoNormal\">\n<p class=\"yiv3003807173MsoNormal\">A primeira visita de tr\u00eas adolescentes, junto com o chefe do Case, Eduardo Fontoura, tr\u00eas t\u00e9cnicos socioeducadores, quatro analistas t\u00e9cnicas e dois membros da Diretoria de Prote\u00e7\u00e3o dos Direitos da Crian\u00e7a e do Adolescente (DPDCA), os servidores Auric\u00e9lia Moreira e Marcos Miranda, ocorreu na manh\u00e3 dessa ter\u00e7a-feira, come\u00e7ando por um tour pela feira. Outro grupo far\u00e1 visita no decorrer desta semana.<\/p>\n<p class=\"yiv3003807173MsoNormal\">\n<p class=\"yiv3003807173MsoNormal\">A Secretaria de Estado do Desenvolvimento da Agricultura e Pecu\u00e1ria (Seagro) \u00e9 parceria da Secretaria de Estado da Cidadania e Justi\u00e7a (Seciju), por meio da DPDCA, ao ceder os kits refei\u00e7\u00e3o aos adolescentes e \u00e0 equipe t\u00e9cnica que os acompanham. Eles ganharam ainda mudas de \u00e1rvores frut\u00edferas e sementes variadas para serem utilizadas no pomar e na horta do Case.<\/p>\n<p class=\"yiv3003807173MsoNormal\">\n<p class=\"yiv3003807173MsoNormal\">Segundo Auric\u00e9lia Moreira, o objetivo da visita \u00e9 oportunizar aos adolescentes cumpridores de medidas socioeducativas a viv\u00eancia, o acesso \u00e0 cultura, ao lazer e a profissionaliza\u00e7\u00e3o, que s\u00e3o direitos que o Estado, a fam\u00edlia e a sociedade devem oportunizar, como prev\u00ea o Estatuto da Crian\u00e7a e do Adolescente (ECA) em seu artigo 4\u00ba.<\/p>\n<p class=\"yiv3003807173MsoNormal\">\n<p class=\"yiv3003807173MsoNormal\">A horticultura faz parte dos planos de atividades pedag\u00f3gicas das unidades. \u201cEssa pr\u00e1tica serve para estimular os jovens a pensarem na profissionaliza\u00e7\u00e3o, para quando deixarem as unidades socioeducativas. Queremos mostrar que h\u00e1 um universo de oportunidades nesse ramo de neg\u00f3cio\u201d, disse a diretora de Prote\u00e7\u00e3o dos Direitos da Crian\u00e7a e do Adolescente, Izabel Ribeiro.<\/p>\n<p class=\"yiv3003807173MsoNormal\">\n<p class=\"yiv3003807173MsoNormal\">As hortali\u00e7as cultivadas no Case, como alface, couve, r\u00facula e cheiro verde, entre outras, pelos pr\u00f3prios adolescentes, s\u00e3o 100% org\u00e2nicas e utilizadas na alimenta\u00e7\u00e3o deles mesmos. Segundo o chefe da unidade, Eduardo Fontoura, os adolescentes participam diretamente de todas as etapas de plantio. \u201cDesde a prepara\u00e7\u00e3o da terra, at\u00e9 a colheita, tudo \u00e9 realizado pelos adolescentes. O cultivo de hortali\u00e7as na unidade promove a inser\u00e7\u00e3o dos adolescentes no mercado de trabalho. \u00c9 uma excelente maneira de ocupar o tempo deles de forma positiva\u201d, destaca.<\/p>\n","protected":false},"excerpt":{"rendered":"<p>Em busca de novidades e inova\u00e7\u00f5es, os adolescentes da unidade socieoducativa est\u00e3o conferindo de perto o que a Feira de Tecnologia Agropecu\u00e1ria do Tocantins (Agrotins 2018) est\u00e1 mostrando desde a ter\u00e7a-feira, 8, no Parque Agrotecnol\u00f3gico de Palmas. A 18\u00aa edi\u00e7\u00e3o do evento, este ano, tem como tema\u00a0O Futuro da Agroind\u00fastria Sustent\u00e1vel. A pr\u00e1tica da horticultura [&hellip;]<\/p>\n","protected":false},"author":2,"featured_media":18,"comment_status":"open","ping_status":"open","sticky":false,"template":"","format":"standard","meta":[],"categories":[2,3],"tags":[],"_links":{"self":[{"href":"https:\/\/dgospel.com.br\/portal\/index.php\/wp-json\/wp\/v2\/posts\/17"}],"collection":[{"href":"https:\/\/dgospel.com.br\/portal\/index.php\/wp-json\/wp\/v2\/posts"}],"about":[{"href":"https:\/\/dgospel.com.br\/portal\/index.php\/wp-json\/wp\/v2\/types\/post"}],"author":[{"embeddable":true,"href":"https:\/\/dgospel.com.br\/portal\/index.php\/wp-json\/wp\/v2\/users\/2"}],"replies":[{"embeddable":true,"href":"https:\/\/dgospel.com.br\/portal\/index.php\/wp-json\/wp\/v2\/comments?post=17"}],"version-history":[{"count":1,"href":"https:\/\/dgospel.com.br\/portal\/index.php\/wp-json\/wp\/v2\/posts\/17\/revisions"}],"predecessor-version":[{"id":19,"href":"https:\/\/dgospel.com.br\/portal\/index.php\/wp-json\/wp\/v2\/posts\/17\/revisions\/19"}],"wp:featuredmedia":[{"embeddable":true,"href":"https:\/\/dgospel.com.br\/portal\/index.php\/wp-json\/wp\/v2\/media\/18"}],"wp:attachment":[{"href":"https:\/\/dgospel.com.br\/portal\/index.php\/wp-json\/wp\/v2\/media?parent=17"}],"wp:term":[{"taxonomy":"category","embeddable":true,"href":"https:\/\/dgospel.com.br\/portal\/index.php\/wp-json\/wp\/v2\/categories?post=17"},{"taxonomy":"post_tag","embeddable":true,"href":"https:\/\/dgospel.com.br\/portal\/index.php\/wp-json\/wp\/v2\/tags?post=17"}],"curies":[{"name":"wp","href":"https:\/\/api.w.org\/{rel}","templated":true}]}}