{"id":17001,"date":"2023-09-08T09:47:21","date_gmt":"2023-09-08T12:47:21","guid":{"rendered":"http:\/\/dgospel.com.br\/portal\/?p=17001"},"modified":"2023-09-08T09:47:23","modified_gmt":"2023-09-08T12:47:23","slug":"panelaco-em-todo-o-pais-marca-pronunciamento-de-lula-veja","status":"publish","type":"post","link":"https:\/\/dgospel.com.br\/portal\/index.php\/2023\/09\/08\/panelaco-em-todo-o-pais-marca-pronunciamento-de-lula-veja\/","title":{"rendered":"\u201cPanela\u00e7o\u201d em todo o pa\u00eds marca pronunciamento de Lula; veja"},"content":{"rendered":"\n<p>Na v\u00e9spera do Dia da Independ\u00eancia do Brasil, nesta quarta-feira (6), o presidente Lula (PT) fez um pronunciamento em cadeia nacional de r\u00e1dio e televis\u00e3o para celebrar o 7 de Setembro, mas acabou desvirtuando a proposta.<\/p>\n\n\n\n<p>O petista apenas utilizou a comemora\u00e7\u00e3o como subterf\u00fagio para vender-se ao Brasil como ex\u00edmio gestor p\u00fablico e, assim, sem qualquer parcim\u00f4nia, ignorar a import\u00e2ncia do evento e apenas exibir sua campanha pol\u00edtica.<\/p>\n\n\n\n<p>O pronunciamento de Lula parece n\u00e3o ter agradado uma parcela da popula\u00e7\u00e3o, que protestou durante a exibi\u00e7\u00e3o de seu discurso. Houve \u201cpanela\u00e7o\u201d em diversas cidades.<\/p>\n","protected":false},"excerpt":{"rendered":"<p>Na v\u00e9spera do Dia da Independ\u00eancia do Brasil, nesta quarta-feira (6), o presidente Lula (PT) fez um pronunciamento em cadeia nacional de r\u00e1dio e televis\u00e3o para celebrar o 7 de Setembro, mas acabou desvirtuando a proposta. O petista apenas utilizou a comemora\u00e7\u00e3o como subterf\u00fagio para vender-se ao Brasil como ex\u00edmio gestor p\u00fablico e, assim, sem [&hellip;]<\/p>\n","protected":false},"author":2,"featured_media":17002,"comment_status":"open","ping_status":"open","sticky":false,"template":"","format":"standard","meta":[],"categories":[10],"tags":[],"_links":{"self":[{"href":"https:\/\/dgospel.com.br\/portal\/index.php\/wp-json\/wp\/v2\/posts\/17001"}],"collection":[{"href":"https:\/\/dgospel.com.br\/portal\/index.php\/wp-json\/wp\/v2\/posts"}],"about":[{"href":"https:\/\/dgospel.com.br\/portal\/index.php\/wp-json\/wp\/v2\/types\/post"}],"author":[{"embeddable":true,"href":"https:\/\/dgospel.com.br\/portal\/index.php\/wp-json\/wp\/v2\/users\/2"}],"replies":[{"embeddable":true,"href":"https:\/\/dgospel.com.br\/portal\/index.php\/wp-json\/wp\/v2\/comments?post=17001"}],"version-history":[{"count":1,"href":"https:\/\/dgospel.com.br\/portal\/index.php\/wp-json\/wp\/v2\/posts\/17001\/revisions"}],"predecessor-version":[{"id":17003,"href":"https:\/\/dgospel.com.br\/portal\/index.php\/wp-json\/wp\/v2\/posts\/17001\/revisions\/17003"}],"wp:featuredmedia":[{"embeddable":true,"href":"https:\/\/dgospel.com.br\/portal\/index.php\/wp-json\/wp\/v2\/media\/17002"}],"wp:attachment":[{"href":"https:\/\/dgospel.com.br\/portal\/index.php\/wp-json\/wp\/v2\/media?parent=17001"}],"wp:term":[{"taxonomy":"category","embeddable":true,"href":"https:\/\/dgospel.com.br\/portal\/index.php\/wp-json\/wp\/v2\/categories?post=17001"},{"taxonomy":"post_tag","embeddable":true,"href":"https:\/\/dgospel.com.br\/portal\/index.php\/wp-json\/wp\/v2\/tags?post=17001"}],"curies":[{"name":"wp","href":"https:\/\/api.w.org\/{rel}","templated":true}]}}