{"id":17004,"date":"2023-09-08T09:48:56","date_gmt":"2023-09-08T12:48:56","guid":{"rendered":"http:\/\/dgospel.com.br\/portal\/?p=17004"},"modified":"2023-09-08T09:48:57","modified_gmt":"2023-09-08T12:48:57","slug":"lava-jato-procuradores-pedem-respeito-e-alertam-dias-toffoli","status":"publish","type":"post","link":"https:\/\/dgospel.com.br\/portal\/index.php\/2023\/09\/08\/lava-jato-procuradores-pedem-respeito-e-alertam-dias-toffoli\/","title":{"rendered":"Lava Jato: Procuradores pedem \u201crespeito\u201d e alertam Dias Toffoli"},"content":{"rendered":"\n<p>A decis\u00e3o do ministro Dias Toffoli, do Supremo Tribunal Federal (STF), que atendeu a um pedido do presidente Luiz In\u00e1cio Lula da Silva (PT) e anulou provas do acordo de leni\u00eancia da Odebrecht, caiu atravessada entre membros do Minist\u00e9rio P\u00fablico.<\/p>\n\n\n\n<p>A preocupa\u00e7\u00e3o \u00e9 com o que pode vir a seguir. Toffoli determinou investiga\u00e7\u00f5es sobre agentes p\u00fablicos que podem ter agido fora dos canais oficiais para acelerar o acordo. A Advocacia-Geral da Uni\u00e3o (AGU) do governo Lula j\u00e1 anunciou que vai tomar provid\u00eancias.<\/p>\n\n\n\n<p>A Associa\u00e7\u00e3o Nacional dos Procuradores da Rep\u00fablica (ANPR) disse nesta quarta-feira (6) que a an\u00e1lise sobre a Lava Jato precisa ser \u201ct\u00e9cnica\u201d para preservar as institui\u00e7\u00f5es da polariza\u00e7\u00e3o pol\u00edtica.<\/p>\n\n\n\n<p>\u2013 N\u00e3o \u00e9 razo\u00e1vel, a partir de afirma\u00e7\u00e3o de v\u00edcios processuais decorrentes da suspei\u00e7\u00e3o do ju\u00edzo ou da sua incompet\u00eancia, pretender-se imputar a agentes p\u00fablicos, sem qualquer elemento m\u00ednimo, a pr\u00e1tica do crime de tortura ou mesmo a inten\u00e7\u00e3o deliberada de causar preju\u00edzo ao Estado brasileiro \u2013 diz o texto da associa\u00e7\u00e3o.<\/p>\n\n\n\n<p>A ANPR afirma ainda que a AGU e o Tribunal de Contas da Uni\u00e3o (TCU) n\u00e3o t\u00eam atribui\u00e7\u00e3o para investigar membros do Minist\u00e9rio P\u00fablico e do Judici\u00e1rio no exerc\u00edcio de suas atividades.<\/p>\n\n\n\n<p>\u2013 Tal proceder n\u00e3o \u00e9 adequado no estado democr\u00e1tico de direito, justamente para afastar qualquer tentativa de fazer cessar a atua\u00e7\u00e3o de \u00f3rg\u00e3os cujas atribui\u00e7\u00f5es est\u00e3o previstas na Constitui\u00e7\u00e3o Federal \u2013 defende a associa\u00e7\u00e3o.<\/p>\n\n\n\n<p>O acordo de leni\u00eancia \u00e9 uma dela\u00e7\u00e3o premiada para empresas. O da Odebrecht foi fechado em dezembro de 2016. Como parte do acordo, a construtora abriu ao Minist\u00e9rio P\u00fablico Federal planilhas da contabilidade paralela, com registros de propinas a dezenas de pol\u00edticos e funcion\u00e1rios p\u00fablicos, registradas nos sistemas Drousys e My Web Day B.<\/p>\n\n\n\n<p>A empresa tamb\u00e9m se comprometeu a desembolsar R$ 6,8 bilh\u00f5es para ressarcir os cofres p\u00fablicos.<\/p>\n\n\n\n<p>A ANPR diz que os agentes p\u00fablicos envolvidos no acordo \u201cagiram no estrito exerc\u00edcio de suas atribui\u00e7\u00f5es funcionais\u201d e que as negocia\u00e7\u00f5es tiveram \u201cresultados financeiros concretos, revertidos aos cofres p\u00fablicos\u201d.<\/p>\n\n\n\n<p>*AE<\/p>\n","protected":false},"excerpt":{"rendered":"<p>A decis\u00e3o do ministro Dias Toffoli, do Supremo Tribunal Federal (STF), que atendeu a um pedido do presidente Luiz In\u00e1cio Lula da Silva (PT) e anulou provas do acordo de leni\u00eancia da Odebrecht, caiu atravessada entre membros do Minist\u00e9rio P\u00fablico. A preocupa\u00e7\u00e3o \u00e9 com o que pode vir a seguir. Toffoli determinou investiga\u00e7\u00f5es sobre agentes [&hellip;]<\/p>\n","protected":false},"author":2,"featured_media":17005,"comment_status":"open","ping_status":"open","sticky":false,"template":"","format":"standard","meta":[],"categories":[10],"tags":[13],"_links":{"self":[{"href":"https:\/\/dgospel.com.br\/portal\/index.php\/wp-json\/wp\/v2\/posts\/17004"}],"collection":[{"href":"https:\/\/dgospel.com.br\/portal\/index.php\/wp-json\/wp\/v2\/posts"}],"about":[{"href":"https:\/\/dgospel.com.br\/portal\/index.php\/wp-json\/wp\/v2\/types\/post"}],"author":[{"embeddable":true,"href":"https:\/\/dgospel.com.br\/portal\/index.php\/wp-json\/wp\/v2\/users\/2"}],"replies":[{"embeddable":true,"href":"https:\/\/dgospel.com.br\/portal\/index.php\/wp-json\/wp\/v2\/comments?post=17004"}],"version-history":[{"count":1,"href":"https:\/\/dgospel.com.br\/portal\/index.php\/wp-json\/wp\/v2\/posts\/17004\/revisions"}],"predecessor-version":[{"id":17006,"href":"https:\/\/dgospel.com.br\/portal\/index.php\/wp-json\/wp\/v2\/posts\/17004\/revisions\/17006"}],"wp:featuredmedia":[{"embeddable":true,"href":"https:\/\/dgospel.com.br\/portal\/index.php\/wp-json\/wp\/v2\/media\/17005"}],"wp:attachment":[{"href":"https:\/\/dgospel.com.br\/portal\/index.php\/wp-json\/wp\/v2\/media?parent=17004"}],"wp:term":[{"taxonomy":"category","embeddable":true,"href":"https:\/\/dgospel.com.br\/portal\/index.php\/wp-json\/wp\/v2\/categories?post=17004"},{"taxonomy":"post_tag","embeddable":true,"href":"https:\/\/dgospel.com.br\/portal\/index.php\/wp-json\/wp\/v2\/tags?post=17004"}],"curies":[{"name":"wp","href":"https:\/\/api.w.org\/{rel}","templated":true}]}}