{"id":17007,"date":"2023-09-08T09:51:50","date_gmt":"2023-09-08T12:51:50","guid":{"rendered":"http:\/\/dgospel.com.br\/portal\/?p=17007"},"modified":"2023-09-08T09:51:51","modified_gmt":"2023-09-08T12:51:51","slug":"nem-lula-nem-janja-ze-gotinha-foi-o-mais-aplaudido-em-desfile","status":"publish","type":"post","link":"https:\/\/dgospel.com.br\/portal\/index.php\/2023\/09\/08\/nem-lula-nem-janja-ze-gotinha-foi-o-mais-aplaudido-em-desfile\/","title":{"rendered":"Nem Lula, nem Janja: Z\u00e9 Gotinha foi o mais aplaudido em desfile"},"content":{"rendered":"\n<p>N\u00e3o foi o presidente da Rep\u00fablica, Luiz In\u00e1cio Lula da Silva (PT), tampouco os chefes do Ex\u00e9rcito, Marinha e Aeron\u00e1utica quem ganhou recep\u00e7\u00e3o mais calorosa por aqueles que acompanharam o desfile do Dia da Independ\u00eancia que ocorreu na Esplanada dos Minist\u00e9rios, em Bras\u00edlia, nesta quinta-feira (7).<\/p>\n\n\n\n<p>Quem roubou a cena foi o Z\u00e9 Gotinha, mascote do Sistema \u00danico de Sa\u00fade (SUS), que foi aclamado em cima de um carro do Corpo de Bombeiros Militares do Distrito Federal (CBMDF).<\/p>\n\n\n\n<figure class=\"wp-block-image\"><img src=\"https:\/\/static.cdn.pleno.news\/2023\/09\/53171197768_cb54cd4cf8_k-834x1024.jpg\" alt=\"\" class=\"wp-image-1200672\"\/><figcaption>Z\u00e9 Gotinha&nbsp;Foto: Ricardo Stuckert \/ PR<\/figcaption><\/figure>\n\n\n\n<p>J\u00e1 a recep\u00e7\u00e3o para Lula foi muito t\u00edmida. Ao chegar no in\u00edcio do desfile no Rolls Royce presidencial, o petista recebeu menos aplausos que o Z\u00e9 Gotinha.<\/p>\n\n\n\n<p>Menos festejados tamb\u00e9m foram os militares da Pol\u00edcia Militar do Distrito Federal (PMDF), cuja a atua\u00e7\u00e3o nas invas\u00f5es aos pr\u00e9dios dos Tr\u00eas Poderes no 8 de janeiro \u00e9 questionada pelas investiga\u00e7\u00f5es da Pol\u00edcia Federal e pela CPMI no Congresso Nacional.<\/p>\n\n\n\n<p>*AE<\/p>\n","protected":false},"excerpt":{"rendered":"<p>N\u00e3o foi o presidente da Rep\u00fablica, Luiz In\u00e1cio Lula da Silva (PT), tampouco os chefes do Ex\u00e9rcito, Marinha e Aeron\u00e1utica quem ganhou recep\u00e7\u00e3o mais calorosa por aqueles que acompanharam o desfile do Dia da Independ\u00eancia que ocorreu na Esplanada dos Minist\u00e9rios, em Bras\u00edlia, nesta quinta-feira (7). Quem roubou a cena foi o Z\u00e9 Gotinha, mascote [&hellip;]<\/p>\n","protected":false},"author":2,"featured_media":17008,"comment_status":"open","ping_status":"open","sticky":false,"template":"","format":"standard","meta":[],"categories":[4],"tags":[],"_links":{"self":[{"href":"https:\/\/dgospel.com.br\/portal\/index.php\/wp-json\/wp\/v2\/posts\/17007"}],"collection":[{"href":"https:\/\/dgospel.com.br\/portal\/index.php\/wp-json\/wp\/v2\/posts"}],"about":[{"href":"https:\/\/dgospel.com.br\/portal\/index.php\/wp-json\/wp\/v2\/types\/post"}],"author":[{"embeddable":true,"href":"https:\/\/dgospel.com.br\/portal\/index.php\/wp-json\/wp\/v2\/users\/2"}],"replies":[{"embeddable":true,"href":"https:\/\/dgospel.com.br\/portal\/index.php\/wp-json\/wp\/v2\/comments?post=17007"}],"version-history":[{"count":1,"href":"https:\/\/dgospel.com.br\/portal\/index.php\/wp-json\/wp\/v2\/posts\/17007\/revisions"}],"predecessor-version":[{"id":17009,"href":"https:\/\/dgospel.com.br\/portal\/index.php\/wp-json\/wp\/v2\/posts\/17007\/revisions\/17009"}],"wp:featuredmedia":[{"embeddable":true,"href":"https:\/\/dgospel.com.br\/portal\/index.php\/wp-json\/wp\/v2\/media\/17008"}],"wp:attachment":[{"href":"https:\/\/dgospel.com.br\/portal\/index.php\/wp-json\/wp\/v2\/media?parent=17007"}],"wp:term":[{"taxonomy":"category","embeddable":true,"href":"https:\/\/dgospel.com.br\/portal\/index.php\/wp-json\/wp\/v2\/categories?post=17007"},{"taxonomy":"post_tag","embeddable":true,"href":"https:\/\/dgospel.com.br\/portal\/index.php\/wp-json\/wp\/v2\/tags?post=17007"}],"curies":[{"name":"wp","href":"https:\/\/api.w.org\/{rel}","templated":true}]}}