{"id":1701,"date":"2018-10-29T10:49:17","date_gmt":"2018-10-29T12:49:17","guid":{"rendered":"http:\/\/dgospel.com.br\/portal\/?p=1701"},"modified":"2018-10-29T10:49:17","modified_gmt":"2018-10-29T12:49:17","slug":"trump-parabeniza-bolsonaro-por-vitoria-nas-eleicoes-seremos-grandes-parceiros","status":"publish","type":"post","link":"https:\/\/dgospel.com.br\/portal\/index.php\/2018\/10\/29\/trump-parabeniza-bolsonaro-por-vitoria-nas-eleicoes-seremos-grandes-parceiros\/","title":{"rendered":"Trump parabeniza Bolsonaro por vit\u00f3ria nas elei\u00e7\u00f5es: &#8220;Seremos grandes parceiros&#8221;"},"content":{"rendered":"<p>Na noite do \u00faltimo domingo (28), o presidente dos EUA, Donald Trump, ligou para\u00a0<strong><a href=\"https:\/\/guiame.com.br\/gospel\/noticias\/jair-bolsonaro-e-eleito-presidente-do-brasil-no-segundo-turno.html\">o presidente eleito do Brasil, Jair Bolsonaro,<\/a><\/strong>\u00a0para parabeniz\u00e1-lo por sua vit\u00f3ria no segundo turno das elei\u00e7\u00f5es e ambos expressaram um forte compromisso de trabalharem juntos. As informa\u00e7\u00f5es foram confirmadas tanto por Bolsonaro, quanto pela Casa Branca.<\/p>\n<p>Trump e Bolsonaro concordaram em &#8220;trabalhar lado a lado para melhorar a vida do povo dos Estados Unidos e do Brasil, como l\u00edderes regionais das Am\u00e9ricas&#8221;, disse Sarah Sanders, porta-voz da Casa Branca, em um comunicado.<\/p>\n<p>\u201cVamos ser grandes parceiros\u201d, disse o presidente americano, que tamb\u00e9m lhe desejou \u201cboa sorte\u201d.<\/p>\n<p>Jair Bolsonaro venceu as elei\u00e7\u00f5es presidenciais no domingo, prometendo limpar a pol\u00edtica, reduzir o Estado e reprimir o crime, em um dram\u00e1tico balan\u00e7o da esquerda na quarta maior democracia do mundo.<\/p>\n<p>O capit\u00e3o reformado do Ex\u00e9rcito ser\u00e1 o primeiro militar na presid\u00eancia em d\u00e9cadas, desde 1984.<\/p>\n<p><strong>Semelhan\u00e7as<\/strong><\/p>\n<p>As semelhan\u00e7as entre o presidente eleito do Brasil e dos Estados Unidos come\u00e7am a surgir\u00a0em quest\u00f5es como o\u00a0claro posicionamento pol\u00edtico contr\u00e1rio \u00e0 ideologia comunista e tamb\u00e9m \u00e0 valoriza\u00e7\u00e3o da ora\u00e7\u00e3o como fator importante no comando de uma na\u00e7\u00e3o.<\/p>\n<p>Em diversas oportunidades, Trump mostrou a import\u00e2ncia de come\u00e7ar as reuni\u00f5es com seus secret\u00e1rios com uma ora\u00e7\u00e3o. Bolsonaro tamb\u00e9m fez quest\u00e3o de, junto \u00e0 sua primeira declara\u00e7\u00e3o \u00e0 m\u00eddia, ap\u00f3s o resultado das elei\u00e7\u00f5es,\u00a0<strong><a href=\"https:\/\/guiame.com.br\/gospel\/noticias\/bolsonaro-diz-que-ira-seguir-os-ensinamentos-de-deus-em-seu-governo.html\">convidar o senador Magno Malta para fazer uma ora\u00e7\u00e3o<\/a><\/strong>\u00a0por seu mandato presidencial e pelo Brasil.<\/p>\n<p>Al\u00e9m disso, Bolsonaro tem sido mencionado de forma positiva na Casa Branca. No in\u00edcio do m\u00eas de outubro, um pastor que \u00e9 conselheiro de Trump apontou o ent\u00e3o candidato \u00e0 presid\u00eancia do Brasil como\u00a0<strong><a href=\"https:\/\/guiame.com.br\/gospel\/israel\/pastor-americano-ligado-trump-ve-bolsonaro-como-defensor-de-israel.html\">um \u201cdefensor de Israel\u201d<\/a><\/strong>, o que \u00e9 muito positivo aos olhos da atual gest\u00e3o norte-americana.<\/p>\n<p>\u201cEntendo que se Jair Bolsonaro ganhar a elei\u00e7\u00e3o, como presidente ele vai tomar essa decis\u00e3o de transferir a embaixada de Tel Aviv para Jerusal\u00e9m\u201d, disse o pastor Mario Bramnick, durante entrevista por telefone para o jornal \u2018Valor Econ\u00f4mico\u2019.<\/p>\n<p>Ap\u00f3s a elei\u00e7\u00e3o de Donald Trump, o pastor se tornou um dos 40 membros do Conselho Executivo Evang\u00e9lico, que se encontra no m\u00ednimo uma vez por m\u00eas, para orar e expressar seus pontos de vista em reuni\u00f5es com o presidente, o vice Mike Pence, e outros l\u00edderes da Casa Branca. Bramnick assegurou que Bolsonaro \u00e9 bem visto pela equipe.<\/p>\n<p>\u201cEu tive conversas com outros l\u00edderes da nossa equipe de f\u00e9 sobre Bolsonaro e est\u00e1 [um clima] muito positivo\u201d, destacou.<\/p>\n<p>FONTE: GUIAME, COM INFORMA\u00c7\u00d5ES DA REUTERS<\/p>\n","protected":false},"excerpt":{"rendered":"<p>Na noite do \u00faltimo domingo (28), o presidente dos EUA, Donald Trump, ligou para\u00a0o presidente eleito do Brasil, Jair Bolsonaro,\u00a0para parabeniz\u00e1-lo por sua vit\u00f3ria no segundo turno das elei\u00e7\u00f5es e ambos expressaram um forte compromisso de trabalharem juntos. As informa\u00e7\u00f5es foram confirmadas tanto por Bolsonaro, quanto pela Casa Branca. Trump e Bolsonaro concordaram em &#8220;trabalhar [&hellip;]<\/p>\n","protected":false},"author":2,"featured_media":1702,"comment_status":"open","ping_status":"open","sticky":false,"template":"","format":"standard","meta":[],"categories":[2,10,4],"tags":[],"_links":{"self":[{"href":"https:\/\/dgospel.com.br\/portal\/index.php\/wp-json\/wp\/v2\/posts\/1701"}],"collection":[{"href":"https:\/\/dgospel.com.br\/portal\/index.php\/wp-json\/wp\/v2\/posts"}],"about":[{"href":"https:\/\/dgospel.com.br\/portal\/index.php\/wp-json\/wp\/v2\/types\/post"}],"author":[{"embeddable":true,"href":"https:\/\/dgospel.com.br\/portal\/index.php\/wp-json\/wp\/v2\/users\/2"}],"replies":[{"embeddable":true,"href":"https:\/\/dgospel.com.br\/portal\/index.php\/wp-json\/wp\/v2\/comments?post=1701"}],"version-history":[{"count":1,"href":"https:\/\/dgospel.com.br\/portal\/index.php\/wp-json\/wp\/v2\/posts\/1701\/revisions"}],"predecessor-version":[{"id":1703,"href":"https:\/\/dgospel.com.br\/portal\/index.php\/wp-json\/wp\/v2\/posts\/1701\/revisions\/1703"}],"wp:featuredmedia":[{"embeddable":true,"href":"https:\/\/dgospel.com.br\/portal\/index.php\/wp-json\/wp\/v2\/media\/1702"}],"wp:attachment":[{"href":"https:\/\/dgospel.com.br\/portal\/index.php\/wp-json\/wp\/v2\/media?parent=1701"}],"wp:term":[{"taxonomy":"category","embeddable":true,"href":"https:\/\/dgospel.com.br\/portal\/index.php\/wp-json\/wp\/v2\/categories?post=1701"},{"taxonomy":"post_tag","embeddable":true,"href":"https:\/\/dgospel.com.br\/portal\/index.php\/wp-json\/wp\/v2\/tags?post=1701"}],"curies":[{"name":"wp","href":"https:\/\/api.w.org\/{rel}","templated":true}]}}