{"id":17014,"date":"2023-09-08T09:59:21","date_gmt":"2023-09-08T12:59:21","guid":{"rendered":"http:\/\/dgospel.com.br\/portal\/?p=17014"},"modified":"2023-09-08T09:59:22","modified_gmt":"2023-09-08T12:59:22","slug":"bolsonaro-participa-de-culto-em-brasilia-ao-lado-de-michelle","status":"publish","type":"post","link":"https:\/\/dgospel.com.br\/portal\/index.php\/2023\/09\/08\/bolsonaro-participa-de-culto-em-brasilia-ao-lado-de-michelle\/","title":{"rendered":"Bolsonaro participa de culto em Bras\u00edlia ao lado de Michelle"},"content":{"rendered":"\n<p>O ex-presidente Jair Bolsonaro e sua esposa, Michelle Bolsonaro, estiveram nesta quinta-feira (7) na Catedral da B\u00ean\u00e7\u00e3o, em Bras\u00edlia, para participarem do Congresso de Lideran\u00e7a.<\/p>\n\n\n\n<p>O evento \u00e9 organizado pelo ap\u00f3stolo Ren\u00ea Terra Nova, l\u00edder do Minist\u00e9rio Internacional da Renova\u00e7\u00e3o (MIR). Iniciado na ter\u00e7a (5), o congresso teve tr\u00eas dias de dura\u00e7\u00e3o e contou com a presen\u00e7a de preletores como o ap\u00f3stolo John Kelly, ap\u00f3stolo Mark Pfeifer, Valnice Milhomens, entre outros.<\/p>\n\n\n\n<p>Al\u00e9m do casal Bolsonaro, estiveram presentes tamb\u00e9m os deputados Marco Feliciano (PL-SP) e H\u00e9lio Lopes (PL-RJ). O senador Magno Malta (PL-ES) foi um dos preletores da noite.<\/p>\n\n\n\n<p>\u2013 Em uma noite aben\u00e7oada, durante o Congresso de Lideran\u00e7a com o Ap\u00f3stolo Ren\u00ea Terra Nova, na Catedral da B\u00ean\u00e7\u00e3o, em Bras\u00edlia, tenho a honra de ser o preletor. Contamos com a ilustre presen\u00e7a do ex-presidente Jair Bolsonaro, acompanhado por sua esposa Michelle, e dos deputados Marco Feliciano e H\u00e9lio Neg\u00e3o. \u00c9 uma d\u00e1diva estarmos reunidos neste culto, especialmente em um dia t\u00e3o emblem\u00e1tico para nossa na\u00e7\u00e3o, o 7 de setembro \u2013 escreveu o parlamentar.<\/p>\n\n\n\n<p><a href=\"https:\/\/www.instagram.com\/p\/Cw6U_lBrhwx\/?utm_source=ig_embed&amp;ig_rid=fce72a5d-f38a-4116-9db8-14618194b7ba\">https:\/\/www.instagram.com\/p\/Cw6U_lBrhwx\/?utm_source=ig_embed&amp;ig_rid=fce72a5d-f38a-4116-9db8-14618194b7ba<\/a><\/p>\n","protected":false},"excerpt":{"rendered":"<p>O ex-presidente Jair Bolsonaro e sua esposa, Michelle Bolsonaro, estiveram nesta quinta-feira (7) na Catedral da B\u00ean\u00e7\u00e3o, em Bras\u00edlia, para participarem do Congresso de Lideran\u00e7a. O evento \u00e9 organizado pelo ap\u00f3stolo Ren\u00ea Terra Nova, l\u00edder do Minist\u00e9rio Internacional da Renova\u00e7\u00e3o (MIR). Iniciado na ter\u00e7a (5), o congresso teve tr\u00eas dias de dura\u00e7\u00e3o e contou com [&hellip;]<\/p>\n","protected":false},"author":2,"featured_media":17015,"comment_status":"open","ping_status":"open","sticky":false,"template":"","format":"standard","meta":[],"categories":[5],"tags":[],"_links":{"self":[{"href":"https:\/\/dgospel.com.br\/portal\/index.php\/wp-json\/wp\/v2\/posts\/17014"}],"collection":[{"href":"https:\/\/dgospel.com.br\/portal\/index.php\/wp-json\/wp\/v2\/posts"}],"about":[{"href":"https:\/\/dgospel.com.br\/portal\/index.php\/wp-json\/wp\/v2\/types\/post"}],"author":[{"embeddable":true,"href":"https:\/\/dgospel.com.br\/portal\/index.php\/wp-json\/wp\/v2\/users\/2"}],"replies":[{"embeddable":true,"href":"https:\/\/dgospel.com.br\/portal\/index.php\/wp-json\/wp\/v2\/comments?post=17014"}],"version-history":[{"count":1,"href":"https:\/\/dgospel.com.br\/portal\/index.php\/wp-json\/wp\/v2\/posts\/17014\/revisions"}],"predecessor-version":[{"id":17016,"href":"https:\/\/dgospel.com.br\/portal\/index.php\/wp-json\/wp\/v2\/posts\/17014\/revisions\/17016"}],"wp:featuredmedia":[{"embeddable":true,"href":"https:\/\/dgospel.com.br\/portal\/index.php\/wp-json\/wp\/v2\/media\/17015"}],"wp:attachment":[{"href":"https:\/\/dgospel.com.br\/portal\/index.php\/wp-json\/wp\/v2\/media?parent=17014"}],"wp:term":[{"taxonomy":"category","embeddable":true,"href":"https:\/\/dgospel.com.br\/portal\/index.php\/wp-json\/wp\/v2\/categories?post=17014"},{"taxonomy":"post_tag","embeddable":true,"href":"https:\/\/dgospel.com.br\/portal\/index.php\/wp-json\/wp\/v2\/tags?post=17014"}],"curies":[{"name":"wp","href":"https:\/\/api.w.org\/{rel}","templated":true}]}}