{"id":17021,"date":"2023-09-08T10:09:34","date_gmt":"2023-09-08T13:09:34","guid":{"rendered":"http:\/\/dgospel.com.br\/portal\/?p=17021"},"modified":"2023-09-08T10:09:35","modified_gmt":"2023-09-08T13:09:35","slug":"oposicao-ri-de-desfile-vazio-pais-dividido-cade-a-outra-metade","status":"publish","type":"post","link":"https:\/\/dgospel.com.br\/portal\/index.php\/2023\/09\/08\/oposicao-ri-de-desfile-vazio-pais-dividido-cade-a-outra-metade\/","title":{"rendered":"Oposi\u00e7\u00e3o ri de desfile vazio: \u201cPa\u00eds dividido, cad\u00ea a outra metade?\u201d"},"content":{"rendered":"\n<p>Pol\u00edticos da oposi\u00e7\u00e3o zombaram da falta de p\u00fablico no desfile de 7 de Setembro que aconteceu nesta quinta-feira (7) em Bras\u00edlia. A Esplanada dos Minist\u00e9rios foi preparada para receber 30 mil pessoas, mas o p\u00fablico n\u00e3o compareceu.<\/p>\n\n\n\n<p>O deputado Andr\u00e9 Fernandes (PL-CE) gravou um v\u00eddeo mostrando as imagens do evento e fez quest\u00e3o de citar, por exemplo, que os servidores de Bras\u00edlia foram convocados para fazer plateia durante o desfile.<\/p>\n\n\n\n<p>\u2013 Lula ralou para tentar lotar (\u2026) Mas mesmo assim n\u00e3o foi suficiente \u2013 riu o deputado.<\/p>\n\n\n\n<p>Fernandes divulgou o v\u00eddeo da Jovem Pan News onde Amanda Klein afirma que os civis n\u00e3o participaram do ato e que nos outros anos tiveram mais participantes.<\/p>\n\n\n\n<p>\u2013 Lula mirou no 7 de Setembro do ano passado e acertou em um desfile f\u00fanebre. A verdade \u00e9 que n\u00e3o tem como comemorar o dia da Independ\u00eancia e da liberdade quando se tem um ditador comandando o seu pa\u00eds! Muita gente diz que o Brasil est\u00e1 dividido, mas cad\u00ea a outra metade? \u2013 completou o parlamentar.<\/p>\n\n\n\n<p>O senador Rog\u00e9rio Marinho (PL-RN) resolveu iniciar uma contagem regressiva para a recupera\u00e7\u00e3o do patriotismo no pa\u00eds:<\/p>\n\n\n\n<p>\u2013 S\u00f3 faltam tr\u00eas anos e quatro meses para resgatarmos o amor ao Brasil \u2013 disse o l\u00edder da oposi\u00e7\u00e3o no Senado.<\/p>\n\n\n\n<p>O deputado federal Gir\u00e3o (PL-RN) usou as redes sociais para enviar uma mensagem de pesar.<\/p>\n\n\n\n<p>\u2013 O Brasil est\u00e1 de luto. Saindo a Opera\u00e7\u00e3o Lava Jato e entrando a Opera\u00e7\u00e3o Alimenta Ratos. Incr\u00edvel! N\u00e3o temos como acreditar que \u201cos bons v\u00e3o silenciar\u201d! \u2013 publicou.<\/p>\n\n\n\n<p>O deputado federal Z\u00e9 Trov\u00e3o (PL-SC) comparou as imagens do 7 de Setembro de 2022, com as imagens deste ano e faz um coment\u00e1rio:<\/p>\n\n\n\n<p>\u2013 Vai ter gente como, se ele n\u00e3o foi escolhido pelo povo.<\/p>\n\n\n\n<p><strong>Assista:<\/strong><\/p>\n\n\n\n<p><a href=\"https:\/\/www.instagram.com\/reel\/Cw5ceMxuqHH\/?utm_source=ig_embed&amp;utm_campaign=loading\">https:\/\/www.instagram.com\/reel\/Cw5ceMxuqHH\/?utm_source=ig_embed&amp;utm_campaign=loading<\/a><\/p>\n","protected":false},"excerpt":{"rendered":"<p>Pol\u00edticos da oposi\u00e7\u00e3o zombaram da falta de p\u00fablico no desfile de 7 de Setembro que aconteceu nesta quinta-feira (7) em Bras\u00edlia. A Esplanada dos Minist\u00e9rios foi preparada para receber 30 mil pessoas, mas o p\u00fablico n\u00e3o compareceu. O deputado Andr\u00e9 Fernandes (PL-CE) gravou um v\u00eddeo mostrando as imagens do evento e fez quest\u00e3o de citar, [&hellip;]<\/p>\n","protected":false},"author":2,"featured_media":17022,"comment_status":"open","ping_status":"open","sticky":false,"template":"","format":"standard","meta":[],"categories":[4],"tags":[13],"_links":{"self":[{"href":"https:\/\/dgospel.com.br\/portal\/index.php\/wp-json\/wp\/v2\/posts\/17021"}],"collection":[{"href":"https:\/\/dgospel.com.br\/portal\/index.php\/wp-json\/wp\/v2\/posts"}],"about":[{"href":"https:\/\/dgospel.com.br\/portal\/index.php\/wp-json\/wp\/v2\/types\/post"}],"author":[{"embeddable":true,"href":"https:\/\/dgospel.com.br\/portal\/index.php\/wp-json\/wp\/v2\/users\/2"}],"replies":[{"embeddable":true,"href":"https:\/\/dgospel.com.br\/portal\/index.php\/wp-json\/wp\/v2\/comments?post=17021"}],"version-history":[{"count":1,"href":"https:\/\/dgospel.com.br\/portal\/index.php\/wp-json\/wp\/v2\/posts\/17021\/revisions"}],"predecessor-version":[{"id":17023,"href":"https:\/\/dgospel.com.br\/portal\/index.php\/wp-json\/wp\/v2\/posts\/17021\/revisions\/17023"}],"wp:featuredmedia":[{"embeddable":true,"href":"https:\/\/dgospel.com.br\/portal\/index.php\/wp-json\/wp\/v2\/media\/17022"}],"wp:attachment":[{"href":"https:\/\/dgospel.com.br\/portal\/index.php\/wp-json\/wp\/v2\/media?parent=17021"}],"wp:term":[{"taxonomy":"category","embeddable":true,"href":"https:\/\/dgospel.com.br\/portal\/index.php\/wp-json\/wp\/v2\/categories?post=17021"},{"taxonomy":"post_tag","embeddable":true,"href":"https:\/\/dgospel.com.br\/portal\/index.php\/wp-json\/wp\/v2\/tags?post=17021"}],"curies":[{"name":"wp","href":"https:\/\/api.w.org\/{rel}","templated":true}]}}