{"id":17024,"date":"2023-09-11T11:57:01","date_gmt":"2023-09-11T14:57:01","guid":{"rendered":"http:\/\/dgospel.com.br\/portal\/?p=17024"},"modified":"2023-09-11T11:57:01","modified_gmt":"2023-09-11T14:57:01","slug":"senador-dos-eua-pede-sancao-contra-o-brasil-e-classifica-lula-como-chavista-com-postura-anti-eua","status":"publish","type":"post","link":"https:\/\/dgospel.com.br\/portal\/index.php\/2023\/09\/11\/senador-dos-eua-pede-sancao-contra-o-brasil-e-classifica-lula-como-chavista-com-postura-anti-eua\/","title":{"rendered":"Senador dos EUA pede san\u00e7\u00e3o contra o Brasil e classifica Lula como \u201cchavista com postura anti-EUA\u201d"},"content":{"rendered":"\n<p>O senador norte-americano Ted Cruz colocou o Secret\u00e1rio de Estado Adjunto, Brian Nichols, na berlinda. O foco? As poss\u00edveis san\u00e7\u00f5es dos EUA ao Brasil devido \u00e0 decis\u00e3o de permitir que dois navios de gu3rra iranianos atracassem no porto do Rio de Janeiro em fevereiro.<\/p>\n\n\n\n<p><a href=\"https:\/\/www.assembleia.pr.leg.br\/assembleia-itinerante\/sugestao-de-melhorias-para-sua-cidade\" target=\"_blank\" rel=\"noreferrer noopener\"><\/a><\/p>\n\n\n\n<p>Os EUA n\u00e3o esconderam seu descontentamento na ocasi\u00e3o. Elizabeth Bagley, embaixadora dos EUA no Brasil, afirmou: \u201cEsses navios, no passado, facilitaram o com\u00e9rcio il\u00edcito e atividades terroristas e j\u00e1 tiveram san\u00e7\u00f5es da ONU. O Brasil \u00e9 um pa\u00eds soberano, mas acreditamos fortemente que esses navios n\u00e3o deveriam atracar em qualquer lugar\u201d.<\/p>\n\n\n\n<p>As cr\u00edticas se estenderam at\u00e9 a Casa Branca. Karine Jean-Pierre, porta-voz do \u00f3rg\u00e3o, tamb\u00e9m se op\u00f4s \u00e0 decis\u00e3o brasileira, pontuando que o Brasil estava dando boas-vindas a navios \u201cpertencentes a um regime que est\u00e1 reprimindo brutalmente seu pr\u00f3prio povo, fornecendo armas \u00e0 R\u00fassia para uso em sua guerra contra a Ucr\u00e2nia, se envolvendo em terrorismo e na prolifera\u00e7\u00e3o de armas em todo o mundo\u201d.<\/p>\n\n\n\n<p>Cruz, em sua indaga\u00e7\u00e3o, jogou luz sobre uma poss\u00edvel incoer\u00eancia na postura do governo de Joe Biden. Lembrou que, no passado, Biden havia utilizado san\u00e7\u00f5es contra na\u00e7\u00f5es ocidentais que infringiam leis dos EUA. Por\u00e9m, agora, o presidente pareceria estar concedendo um \u201cpasse livre\u201d ao Brasil, um \u201cautoproclamado amigo pr\u00f3ximo\u201d, nas palavras do senador.<\/p>\n\n\n\n<figure class=\"wp-block-embed is-type-video is-provider-youtube wp-block-embed-youtube wp-embed-aspect-16-9 wp-has-aspect-ratio\"><div class=\"wp-block-embed__wrapper\">\n<iframe loading=\"lazy\" title=\"Senador dos EUA chama Lula de \u201cchavista antiamericano\u201d e pede san\u00e7\u00e3o ao Brasil\" width=\"630\" height=\"354\" src=\"https:\/\/www.youtube.com\/embed\/CBFzQFE113U?feature=oembed\" frameborder=\"0\" allow=\"accelerometer; autoplay; clipboard-write; encrypted-media; gyroscope; picture-in-picture; web-share\" allowfullscreen><\/iframe>\n<\/div><\/figure>\n","protected":false},"excerpt":{"rendered":"<p>O senador norte-americano Ted Cruz colocou o Secret\u00e1rio de Estado Adjunto, Brian Nichols, na berlinda. O foco? As poss\u00edveis san\u00e7\u00f5es dos EUA ao Brasil devido \u00e0 decis\u00e3o de permitir que dois navios de gu3rra iranianos atracassem no porto do Rio de Janeiro em fevereiro. Os EUA n\u00e3o esconderam seu descontentamento na ocasi\u00e3o. Elizabeth Bagley, embaixadora [&hellip;]<\/p>\n","protected":false},"author":2,"featured_media":17025,"comment_status":"open","ping_status":"open","sticky":false,"template":"","format":"standard","meta":[],"categories":[16],"tags":[],"_links":{"self":[{"href":"https:\/\/dgospel.com.br\/portal\/index.php\/wp-json\/wp\/v2\/posts\/17024"}],"collection":[{"href":"https:\/\/dgospel.com.br\/portal\/index.php\/wp-json\/wp\/v2\/posts"}],"about":[{"href":"https:\/\/dgospel.com.br\/portal\/index.php\/wp-json\/wp\/v2\/types\/post"}],"author":[{"embeddable":true,"href":"https:\/\/dgospel.com.br\/portal\/index.php\/wp-json\/wp\/v2\/users\/2"}],"replies":[{"embeddable":true,"href":"https:\/\/dgospel.com.br\/portal\/index.php\/wp-json\/wp\/v2\/comments?post=17024"}],"version-history":[{"count":1,"href":"https:\/\/dgospel.com.br\/portal\/index.php\/wp-json\/wp\/v2\/posts\/17024\/revisions"}],"predecessor-version":[{"id":17026,"href":"https:\/\/dgospel.com.br\/portal\/index.php\/wp-json\/wp\/v2\/posts\/17024\/revisions\/17026"}],"wp:featuredmedia":[{"embeddable":true,"href":"https:\/\/dgospel.com.br\/portal\/index.php\/wp-json\/wp\/v2\/media\/17025"}],"wp:attachment":[{"href":"https:\/\/dgospel.com.br\/portal\/index.php\/wp-json\/wp\/v2\/media?parent=17024"}],"wp:term":[{"taxonomy":"category","embeddable":true,"href":"https:\/\/dgospel.com.br\/portal\/index.php\/wp-json\/wp\/v2\/categories?post=17024"},{"taxonomy":"post_tag","embeddable":true,"href":"https:\/\/dgospel.com.br\/portal\/index.php\/wp-json\/wp\/v2\/tags?post=17024"}],"curies":[{"name":"wp","href":"https:\/\/api.w.org\/{rel}","templated":true}]}}