{"id":17027,"date":"2023-09-11T11:58:48","date_gmt":"2023-09-11T14:58:48","guid":{"rendered":"http:\/\/dgospel.com.br\/portal\/?p=17027"},"modified":"2023-09-11T11:58:49","modified_gmt":"2023-09-11T14:58:49","slug":"orcamento-de-2024-tem-reducao-de-r-708-milhoes-no-combate-a-criminalidade","status":"publish","type":"post","link":"https:\/\/dgospel.com.br\/portal\/index.php\/2023\/09\/11\/orcamento-de-2024-tem-reducao-de-r-708-milhoes-no-combate-a-criminalidade\/","title":{"rendered":"Or\u00e7amento de 2024 tem redu\u00e7\u00e3o de R$ 708 milh\u00f5es no combate \u00e0 criminalidade"},"content":{"rendered":"\n<p>A proposta de or\u00e7amento de 2024 do governo federal prev\u00ea uma redu\u00e7\u00e3o de 31,5% nos fundos destinados a combater a criminalidade e desenvolver pol\u00edticas de seguran\u00e7a p\u00fablica. Em n\u00fameros, isso se traduz em um corte de R$ 708 milh\u00f5es em compara\u00e7\u00e3o com 2023.<\/p>\n\n\n\n<p><a href=\"https:\/\/www.assembleia.pr.leg.br\/assembleia-itinerante\/sugestao-de-melhorias-para-sua-cidade\" target=\"_blank\" rel=\"noreferrer noopener\"><\/a><\/p>\n\n\n\n<p>Segundo levantamento do R7, com base na Lei Or\u00e7ament\u00e1ria Anual (LOA) de 2023 e no Projeto de Lei Or\u00e7ament\u00e1ria Anual (PLOA) de 2024, uma das principais a\u00e7\u00f5es atingidas \u00e9 o \u201cDesenvolvimento de Pol\u00edticas de Seguran\u00e7a P\u00fablica, Preven\u00e7\u00e3o e Enfrentamento \u00e0 Criminalidade\u201d, sob a al\u00e7ada do Minist\u00e9rio da Justi\u00e7a e Seguran\u00e7a P\u00fablica. Este setor viu uma queda acentuada de 99,8% em sua aloca\u00e7\u00e3o prevista, de R$ 427,4 milh\u00f5es neste ano para apenas R$ 536,3 mil em 2024.<\/p>\n\n\n\n<p>Os fundos desse minist\u00e9rio apoiam iniciativas variadas, desde a moderniza\u00e7\u00e3o das for\u00e7as policiais at\u00e9 projetos de preven\u00e7\u00e3o \u00e0 viol\u00eancia e fortalecimento das atividades de intelig\u00eancia.<\/p>\n\n\n\n<p>J\u00e1 o Fundo Nacional de Seguran\u00e7a P\u00fablica, encarregado da \u201cImplementa\u00e7\u00e3o de Pol\u00edticas de Seguran\u00e7a P\u00fablica, Preven\u00e7\u00e3o e Enfrentamento \u00e0 Criminalidade\u201d, dever\u00e1 ter seu or\u00e7amento cortado de R$ 893,5 milh\u00f5es este ano para R$ 683,2 milh\u00f5es em 2024.<\/p>\n\n\n\n<p>Outras entidades, como a Pol\u00edcia Federal e a Pol\u00edcia Rodovi\u00e1ria Federal, tamb\u00e9m sofrer\u00e3o cortes, exceto em \u00e1reas espec\u00edficas como \u201cPoliciamento, Fiscaliza\u00e7\u00e3o, Combate \u00e0 Criminalidade e Corrup\u00e7\u00e3o\u201d.<\/p>\n\n\n\n<p>Em resposta, o Minist\u00e9rio da Justi\u00e7a alegou ao R7 que os n\u00fameros de 2023 inclu\u00edam emendas parlamentares, o que poderia resultar em uma compara\u00e7\u00e3o desigual, uma vez que o PLOA 2024 ainda est\u00e1 sob an\u00e1lise do Congresso e sujeito a tais emendas.<\/p>\n\n\n\n<p>Fonte: horabrasilia<\/p>\n","protected":false},"excerpt":{"rendered":"<p>A proposta de or\u00e7amento de 2024 do governo federal prev\u00ea uma redu\u00e7\u00e3o de 31,5% nos fundos destinados a combater a criminalidade e desenvolver pol\u00edticas de seguran\u00e7a p\u00fablica. Em n\u00fameros, isso se traduz em um corte de R$ 708 milh\u00f5es em compara\u00e7\u00e3o com 2023. Segundo levantamento do R7, com base na Lei Or\u00e7ament\u00e1ria Anual (LOA) de [&hellip;]<\/p>\n","protected":false},"author":2,"featured_media":17028,"comment_status":"open","ping_status":"open","sticky":false,"template":"","format":"standard","meta":[],"categories":[10],"tags":[],"_links":{"self":[{"href":"https:\/\/dgospel.com.br\/portal\/index.php\/wp-json\/wp\/v2\/posts\/17027"}],"collection":[{"href":"https:\/\/dgospel.com.br\/portal\/index.php\/wp-json\/wp\/v2\/posts"}],"about":[{"href":"https:\/\/dgospel.com.br\/portal\/index.php\/wp-json\/wp\/v2\/types\/post"}],"author":[{"embeddable":true,"href":"https:\/\/dgospel.com.br\/portal\/index.php\/wp-json\/wp\/v2\/users\/2"}],"replies":[{"embeddable":true,"href":"https:\/\/dgospel.com.br\/portal\/index.php\/wp-json\/wp\/v2\/comments?post=17027"}],"version-history":[{"count":1,"href":"https:\/\/dgospel.com.br\/portal\/index.php\/wp-json\/wp\/v2\/posts\/17027\/revisions"}],"predecessor-version":[{"id":17029,"href":"https:\/\/dgospel.com.br\/portal\/index.php\/wp-json\/wp\/v2\/posts\/17027\/revisions\/17029"}],"wp:featuredmedia":[{"embeddable":true,"href":"https:\/\/dgospel.com.br\/portal\/index.php\/wp-json\/wp\/v2\/media\/17028"}],"wp:attachment":[{"href":"https:\/\/dgospel.com.br\/portal\/index.php\/wp-json\/wp\/v2\/media?parent=17027"}],"wp:term":[{"taxonomy":"category","embeddable":true,"href":"https:\/\/dgospel.com.br\/portal\/index.php\/wp-json\/wp\/v2\/categories?post=17027"},{"taxonomy":"post_tag","embeddable":true,"href":"https:\/\/dgospel.com.br\/portal\/index.php\/wp-json\/wp\/v2\/tags?post=17027"}],"curies":[{"name":"wp","href":"https:\/\/api.w.org\/{rel}","templated":true}]}}