{"id":17030,"date":"2023-09-12T11:12:25","date_gmt":"2023-09-12T14:12:25","guid":{"rendered":"http:\/\/dgospel.com.br\/portal\/?p=17030"},"modified":"2023-09-12T11:12:26","modified_gmt":"2023-09-12T14:12:26","slug":"marcos-do-val-propoe-cpi-para-investigar-alexandre-de-moraes","status":"publish","type":"post","link":"https:\/\/dgospel.com.br\/portal\/index.php\/2023\/09\/12\/marcos-do-val-propoe-cpi-para-investigar-alexandre-de-moraes\/","title":{"rendered":"Marcos do Val prop\u00f5e CPI para investigar Alexandre de Moraes"},"content":{"rendered":"\n<p>Nesta segunda-feira (11), o senador Marcos do Val (Podemos-ES) informou que articula a cria\u00e7\u00e3o de uma comiss\u00e3o parlamentar de inqu\u00e9rito (CPI) para investigar o ministro Alexandre de Moraes, do Supremo Tribunal Federal (STF).<\/p>\n\n\n\n<p>Em seu discurso no Senado, o parlamentar listou algumas a\u00e7\u00f5es do ministro que, de acordo com ele, s\u00e3o inconstitucionais, a\u00e7\u00f5es consideradas como \u201carbitr\u00e1rias\u201d e \u201cpol\u00edticas\u201d.<\/p>\n\n\n\n<p>Do Val cita ainda um documento assinado pela Vice-Procuradoria-Geral da Rep\u00fablica com diversas irregularidades que teriam sido cometidas pelo magistrado na condu\u00e7\u00e3o de inqu\u00e9ritos em andamento no STF.<\/p>\n\n\n\n<p>\u2013 Nesse documento consta uma ampla lista de il\u00edcitos que, em total descumprimento da Constitui\u00e7\u00e3o Federal, v\u00eam sendo cometidos pelo ministro.<\/p>\n\n\n\n<p>E continuou:<\/p>\n\n\n\n<p>\u2013 O ministro n\u00e3o tem poupado esfor\u00e7os para blindar as autoridades que atualmente ocupam postos na Rep\u00fablica de investiga\u00e7\u00f5es ou indiciamentos. Esse \u00e9 o caso, por exemplo, do ministro da Justi\u00e7a [Fl\u00e1vio Dino] e sua poss\u00edvel omiss\u00e3o, prevarica\u00e7\u00e3o em rela\u00e7\u00e3o aos ataques do dia 8 de janeiro.<\/p>\n\n\n\n<p>O parlamentar adiantou que j\u00e1 conta com 40 assinaturas de senadores tamb\u00e9m interessados na abertura de uma CPI contra Moraes.<\/p>\n\n\n\n<p>\u2013 Se conseguimos 40 assinaturas para mostrar indigna\u00e7\u00e3o quanto \u00e0 a\u00e7\u00e3o do ministro Alexandre de Moraes referente ao meu caso, facilmente n\u00f3s vamos conseguir nos unir. O Senado est\u00e1 unido. N\u00f3s estamos trabalhando nos bastidores para que a gente possa apresentar um pedido de CPMI [CPI mista] ou CPI para o STF, com foco no Alexandre de Moraes. E aqui fica a minha solicita\u00e7\u00e3o aos outros dez ministros no sentido de que possam entender que, compactuando com o que est\u00e1 acontecendo, est\u00e3o tamb\u00e9m sujando a imagem do STF.<\/p>\n","protected":false},"excerpt":{"rendered":"<p>Nesta segunda-feira (11), o senador Marcos do Val (Podemos-ES) informou que articula a cria\u00e7\u00e3o de uma comiss\u00e3o parlamentar de inqu\u00e9rito (CPI) para investigar o ministro Alexandre de Moraes, do Supremo Tribunal Federal (STF). Em seu discurso no Senado, o parlamentar listou algumas a\u00e7\u00f5es do ministro que, de acordo com ele, s\u00e3o inconstitucionais, a\u00e7\u00f5es consideradas como [&hellip;]<\/p>\n","protected":false},"author":2,"featured_media":17031,"comment_status":"open","ping_status":"open","sticky":false,"template":"","format":"standard","meta":[],"categories":[10],"tags":[],"_links":{"self":[{"href":"https:\/\/dgospel.com.br\/portal\/index.php\/wp-json\/wp\/v2\/posts\/17030"}],"collection":[{"href":"https:\/\/dgospel.com.br\/portal\/index.php\/wp-json\/wp\/v2\/posts"}],"about":[{"href":"https:\/\/dgospel.com.br\/portal\/index.php\/wp-json\/wp\/v2\/types\/post"}],"author":[{"embeddable":true,"href":"https:\/\/dgospel.com.br\/portal\/index.php\/wp-json\/wp\/v2\/users\/2"}],"replies":[{"embeddable":true,"href":"https:\/\/dgospel.com.br\/portal\/index.php\/wp-json\/wp\/v2\/comments?post=17030"}],"version-history":[{"count":1,"href":"https:\/\/dgospel.com.br\/portal\/index.php\/wp-json\/wp\/v2\/posts\/17030\/revisions"}],"predecessor-version":[{"id":17032,"href":"https:\/\/dgospel.com.br\/portal\/index.php\/wp-json\/wp\/v2\/posts\/17030\/revisions\/17032"}],"wp:featuredmedia":[{"embeddable":true,"href":"https:\/\/dgospel.com.br\/portal\/index.php\/wp-json\/wp\/v2\/media\/17031"}],"wp:attachment":[{"href":"https:\/\/dgospel.com.br\/portal\/index.php\/wp-json\/wp\/v2\/media?parent=17030"}],"wp:term":[{"taxonomy":"category","embeddable":true,"href":"https:\/\/dgospel.com.br\/portal\/index.php\/wp-json\/wp\/v2\/categories?post=17030"},{"taxonomy":"post_tag","embeddable":true,"href":"https:\/\/dgospel.com.br\/portal\/index.php\/wp-json\/wp\/v2\/tags?post=17030"}],"curies":[{"name":"wp","href":"https:\/\/api.w.org\/{rel}","templated":true}]}}