{"id":17033,"date":"2023-09-12T11:25:21","date_gmt":"2023-09-12T14:25:21","guid":{"rendered":"http:\/\/dgospel.com.br\/portal\/?p=17033"},"modified":"2023-09-12T11:25:23","modified_gmt":"2023-09-12T14:25:23","slug":"novo-aerolula-que-atende-exigencias-do-casal-presidencial-custara-r-400-milhoes","status":"publish","type":"post","link":"https:\/\/dgospel.com.br\/portal\/index.php\/2023\/09\/12\/novo-aerolula-que-atende-exigencias-do-casal-presidencial-custara-r-400-milhoes\/","title":{"rendered":"Novo \u2018aerolula\u2019, que atende exig\u00eancias do casal presidencial, custar\u00e1 R$ 400 milh\u00f5es"},"content":{"rendered":"\n<p>Em resposta aos anseios do presidente Lula e da primeira-dama Janja por uma aeronave presidencial mais confort\u00e1vel, o Minist\u00e9rio da Defesa apresentou um estudo para a aquisi\u00e7\u00e3o de um novo avi\u00e3o, mais especificamente, um modelo A330-200, estimado entre US$70 milh\u00f5es e US$80 milh\u00f5es, o equivalente a cerca de R$400 milh\u00f5es, conforme publica\u00e7\u00e3o do site Metr\u00f3poles.<\/p>\n\n\n\n<p><a href=\"https:\/\/www.assembleia.pr.leg.br\/assembleia-itinerante\/sugestao-de-melhorias-para-sua-cidade\" target=\"_blank\" rel=\"noreferrer noopener\"><\/a><\/p>\n\n\n\n<p>O casal presidencial est\u00e1 insatisfeito com as acomoda\u00e7\u00f5es da atual aeronave, apelidada de \u201caerolula\u201d. O casal deseja uma s\u00e9rie de melhorias, incluindo uma cama de casal, banheiro equipado com chuveiro, um escrit\u00f3rio privado, uma sala de reuni\u00f5es e aproximadamente 100 poltronas semi-leito para garantir viagens mais confort\u00e1veis.<\/p>\n\n\n\n<p>Diante da magnitude dos pedidos, o governo est\u00e1 ponderando a compra de uma nova aeronave ao inv\u00e9s de realizar modifica\u00e7\u00f5es na existente. A For\u00e7a A\u00e9rea Brasileira identificou um poss\u00edvel vendedor, uma empresa su\u00ed\u00e7a, cujo propriet\u00e1rio permanece confidencial. Segundo especialistas consultados pelo jornal O Estado de S\u00e3o Paulo, aeronaves deste calibre s\u00e3o geralmente utilizadas por personalidades not\u00e1veis, como xeques e pr\u00edncipes \u00e1rabes.<\/p>\n","protected":false},"excerpt":{"rendered":"<p>Em resposta aos anseios do presidente Lula e da primeira-dama Janja por uma aeronave presidencial mais confort\u00e1vel, o Minist\u00e9rio da Defesa apresentou um estudo para a aquisi\u00e7\u00e3o de um novo avi\u00e3o, mais especificamente, um modelo A330-200, estimado entre US$70 milh\u00f5es e US$80 milh\u00f5es, o equivalente a cerca de R$400 milh\u00f5es, conforme publica\u00e7\u00e3o do site Metr\u00f3poles. [&hellip;]<\/p>\n","protected":false},"author":2,"featured_media":17034,"comment_status":"open","ping_status":"open","sticky":false,"template":"","format":"standard","meta":[],"categories":[4],"tags":[],"_links":{"self":[{"href":"https:\/\/dgospel.com.br\/portal\/index.php\/wp-json\/wp\/v2\/posts\/17033"}],"collection":[{"href":"https:\/\/dgospel.com.br\/portal\/index.php\/wp-json\/wp\/v2\/posts"}],"about":[{"href":"https:\/\/dgospel.com.br\/portal\/index.php\/wp-json\/wp\/v2\/types\/post"}],"author":[{"embeddable":true,"href":"https:\/\/dgospel.com.br\/portal\/index.php\/wp-json\/wp\/v2\/users\/2"}],"replies":[{"embeddable":true,"href":"https:\/\/dgospel.com.br\/portal\/index.php\/wp-json\/wp\/v2\/comments?post=17033"}],"version-history":[{"count":1,"href":"https:\/\/dgospel.com.br\/portal\/index.php\/wp-json\/wp\/v2\/posts\/17033\/revisions"}],"predecessor-version":[{"id":17035,"href":"https:\/\/dgospel.com.br\/portal\/index.php\/wp-json\/wp\/v2\/posts\/17033\/revisions\/17035"}],"wp:featuredmedia":[{"embeddable":true,"href":"https:\/\/dgospel.com.br\/portal\/index.php\/wp-json\/wp\/v2\/media\/17034"}],"wp:attachment":[{"href":"https:\/\/dgospel.com.br\/portal\/index.php\/wp-json\/wp\/v2\/media?parent=17033"}],"wp:term":[{"taxonomy":"category","embeddable":true,"href":"https:\/\/dgospel.com.br\/portal\/index.php\/wp-json\/wp\/v2\/categories?post=17033"},{"taxonomy":"post_tag","embeddable":true,"href":"https:\/\/dgospel.com.br\/portal\/index.php\/wp-json\/wp\/v2\/tags?post=17033"}],"curies":[{"name":"wp","href":"https:\/\/api.w.org\/{rel}","templated":true}]}}