{"id":17040,"date":"2023-09-12T12:01:56","date_gmt":"2023-09-12T15:01:56","guid":{"rendered":"http:\/\/dgospel.com.br\/portal\/?p=17040"},"modified":"2023-09-12T12:01:57","modified_gmt":"2023-09-12T15:01:57","slug":"governo-do-tocantins-promove-capacitacao-em-ecoturismo","status":"publish","type":"post","link":"https:\/\/dgospel.com.br\/portal\/index.php\/2023\/09\/12\/governo-do-tocantins-promove-capacitacao-em-ecoturismo\/","title":{"rendered":"Governo do Tocantins promove capacita\u00e7\u00e3o em ecoturismo"},"content":{"rendered":"\n<p>O Governo do Tocantins, por meio da Secretaria do Turismo (Setur), promoveu nessa segunda-feira, 11,&nbsp;uma capacita\u00e7\u00e3o voltada para o ecoturismo. O evento ocorreu no audit\u00f3rio da Assembleia Legislativa, em Palmas, e abordou o tema &#8220;A Import\u00e2ncia do Ecoturismo para o Desenvolvimento das Comunidades Tradicionais e para o Mercado Tur\u00edstico do Tocantins&#8221;.<\/p>\n\n\n\n<p>A abertura do evento foi conduzida pela superintendente do Turismo, Fernanda Tain\u00e3 Castro, e teve como anfitri\u00e3o o secret\u00e1rio do Turismo, Hercy Filho, que falou sobre a import\u00e2ncia do evento. \u201cQueremos que o turismo do Tocantins seja o motor da nossa economia. O governo tem que ordenar, estruturar, fomentar pol\u00edticas de incentivo, assim como temos feito com a gest\u00e3o do governador Wanderlei Barbosa\u201d.<\/p>\n\n\n\n<p>O treinamento contou com a presen\u00e7a de palestrantes de renome na \u00e1rea. A primeira palestra foi ministrada por Fernando Schiavini, indigenista desde a d\u00e9cada de 1970 e escritor, e Marcos Luz, empres\u00e1rio e consultor especializado em planejamento e comercializa\u00e7\u00e3o de produtos de roteiros de experi\u00eancia, tendo em pauta o turismo na terra indigena Krah\u00f4. O projeto foi desenvolvido pelos palestrantes com o povo Krah\u00f4, entre 2017 e 2020, e visa o fortalecimento do etnoturismo na comunidade.&nbsp;<\/p>\n\n\n\n<p>O guia e bi\u00f3logo, Max Vindas, que retorna ao Tocantins ap\u00f3s 20 anos, mostrou em sua apresenta\u00e7\u00e3o as potencialidades do ecoturismo como agente transformador do meio para o desenvolvimento de cidades e produtos como ocorre em seu pa\u00eds de origem, a Costa Rica.&nbsp;\u201dO avan\u00e7o ou atraso do turismo no Tocantins depende da a\u00e7\u00e3o dos que querem ver o mesmo se desenvolver, principalmente o empres\u00e1rio. Os potenciais do Estado s\u00e3o in\u00fameros, hoje vejo lugares como a Praia do Rio Novo como um o\u00e1sis. Falta come\u00e7ar a investir\u201d, enfatizou o palestrante.<\/p>\n\n\n\n<p>A capacita\u00e7\u00e3o em ecoturismo foi aberta aos envolvidos no segmento do turismo, oferecendo uma oportunidade \u00fanica de aprimoramento e aprendizado para os participantes. Entre o p\u00fablico presente, servidores da Setur, empres\u00e1rios e estudantes de turismo. A arquiteta Rosangela Benvindo, que atua com a viabiliza\u00e7\u00e3o de produtos tur\u00edsticos, com sua empresa Monju\u00e1 Projetos, afirmou que o treinamento foi inquietante para ela \u201cN\u00f3s n\u00e3o temos como competir fora se a gente n\u00e3o tiver esse conhecimento. E isso passa por todos, o bi\u00f3logo, o arquiteto, o turism\u00f3logo. Ent\u00e3o a gente precisa ter uma conversa comum na hora de formatar um produto e devemos nos questionar: o que eu posso mostrar? Porque o que \u00e9 do M\u00e9xico eu quero ver l\u00e1 no M\u00e9xico e o que \u00e9 do Tocantins eu quero ver no Tocantins\u201d, afirmou a empres\u00e1ria.<\/p>\n\n\n\n<p><img src=\"https:\/\/central.to.gov.br\/image\/346200?w=670&amp;h=383\"><\/p>\n\n\n\n<p>Empres\u00e1ria Ros\u00e2ngela Benvindo dialoga sobre a tem\u00e1tica do evento em momento de bate papo &#8211; Adiel Ponte\/Governo do Tocantins\u00a0<\/p>\n\n\n\n<p><img src=\"https:\/\/central.to.gov.br\/image\/346197?w=670&amp;h=383\"><\/p>\n\n\n\n<p>Secret\u00e1rio do Turismo, Hercy Filho, fala ao p\u00fablico presente durante o treinamento de ecoturismo &#8211; Adiel Ponte\/Governo do Tocantins\u00a0<\/p>\n\n\n\n<p><img src=\"https:\/\/central.to.gov.br\/image\/346198?w=670&amp;h=383\"><\/p>\n\n\n\n<p>Palestrantes Marcos Luz e Fernando Schiavini falam sobre etnoturismo na aldeia Krah\u00f4 &#8211; Adiel Ponte\/Governo do Tocantins\u00a0<\/p>\n","protected":false},"excerpt":{"rendered":"<p>O Governo do Tocantins, por meio da Secretaria do Turismo (Setur), promoveu nessa segunda-feira, 11,&nbsp;uma capacita\u00e7\u00e3o voltada para o ecoturismo. O evento ocorreu no audit\u00f3rio da Assembleia Legislativa, em Palmas, e abordou o tema &#8220;A Import\u00e2ncia do Ecoturismo para o Desenvolvimento das Comunidades Tradicionais e para o Mercado Tur\u00edstico do Tocantins&#8221;. A abertura do evento [&hellip;]<\/p>\n","protected":false},"author":2,"featured_media":17041,"comment_status":"open","ping_status":"open","sticky":false,"template":"","format":"standard","meta":[],"categories":[3],"tags":[13],"_links":{"self":[{"href":"https:\/\/dgospel.com.br\/portal\/index.php\/wp-json\/wp\/v2\/posts\/17040"}],"collection":[{"href":"https:\/\/dgospel.com.br\/portal\/index.php\/wp-json\/wp\/v2\/posts"}],"about":[{"href":"https:\/\/dgospel.com.br\/portal\/index.php\/wp-json\/wp\/v2\/types\/post"}],"author":[{"embeddable":true,"href":"https:\/\/dgospel.com.br\/portal\/index.php\/wp-json\/wp\/v2\/users\/2"}],"replies":[{"embeddable":true,"href":"https:\/\/dgospel.com.br\/portal\/index.php\/wp-json\/wp\/v2\/comments?post=17040"}],"version-history":[{"count":1,"href":"https:\/\/dgospel.com.br\/portal\/index.php\/wp-json\/wp\/v2\/posts\/17040\/revisions"}],"predecessor-version":[{"id":17042,"href":"https:\/\/dgospel.com.br\/portal\/index.php\/wp-json\/wp\/v2\/posts\/17040\/revisions\/17042"}],"wp:featuredmedia":[{"embeddable":true,"href":"https:\/\/dgospel.com.br\/portal\/index.php\/wp-json\/wp\/v2\/media\/17041"}],"wp:attachment":[{"href":"https:\/\/dgospel.com.br\/portal\/index.php\/wp-json\/wp\/v2\/media?parent=17040"}],"wp:term":[{"taxonomy":"category","embeddable":true,"href":"https:\/\/dgospel.com.br\/portal\/index.php\/wp-json\/wp\/v2\/categories?post=17040"},{"taxonomy":"post_tag","embeddable":true,"href":"https:\/\/dgospel.com.br\/portal\/index.php\/wp-json\/wp\/v2\/tags?post=17040"}],"curies":[{"name":"wp","href":"https:\/\/api.w.org\/{rel}","templated":true}]}}