{"id":17043,"date":"2023-09-12T12:04:18","date_gmt":"2023-09-12T15:04:18","guid":{"rendered":"http:\/\/dgospel.com.br\/portal\/?p=17043"},"modified":"2023-09-12T12:04:19","modified_gmt":"2023-09-12T15:04:19","slug":"wanderlei-barbosa-destaca-importancia-do-agronegocio-sustentavel-em-evento-internacional-de-protecao-ambiental-em-goias","status":"publish","type":"post","link":"https:\/\/dgospel.com.br\/portal\/index.php\/2023\/09\/12\/wanderlei-barbosa-destaca-importancia-do-agronegocio-sustentavel-em-evento-internacional-de-protecao-ambiental-em-goias\/","title":{"rendered":"Wanderlei Barbosa destaca import\u00e2ncia do agroneg\u00f3cio sustent\u00e1vel em evento internacional de prote\u00e7\u00e3o ambiental em Goi\u00e1s"},"content":{"rendered":"\n<p>O governador Wanderlei Barbosa participou, nessa segunda-feira, 11,&nbsp;da abertura oficial do Semin\u00e1rio Internacional \u00c1guas Para o Futuro 2023, realizado na cidade de Rio Quente, em Goi\u00e1s. Acompanharam o Governador o secret\u00e1rio de Meio Ambiente e Recursos H\u00eddricos do Tocantins, Marcelo Lelis, o presidente do Instituto Natureza do Tocantins, Renato Jayme, e o secret\u00e1rio de Representa\u00e7\u00e3o em Bras\u00edlia, Carlos Manzini.&nbsp;<\/p>\n\n\n\n<p>Os projetos do Tocantins voltados \u00e0 prote\u00e7\u00e3o dos recursos h\u00eddricos do Estado, uma das principais bacias hidrogr\u00e1ficas do pa\u00eds, foram destaques durante o Semin\u00e1rio Internacional, que teve in\u00edcio no domingo, 10, e segue at\u00e9 esta quarta-feira, 13.&nbsp;<br><br>Na abertura oficial, as autoridades foram recepcionadas pelo governador do estado de Goi\u00e1s, Ronaldo Caiado. O evento re\u00fane representantes de 22 pa\u00edses, em busca de solu\u00e7\u00f5es inovadoras para o gerenciamento integrado de recursos h\u00eddricos do planeta. O objetivo central \u00e9 fomentar a troca de pesquisas, experi\u00eancias e di\u00e1logos construtivos entre profissionais, pesquisadores e gestores p\u00fablicos deste setor, que est\u00e3o em busca de melhorar os indicadores hidro-ambientais e socioecon\u00f4micos, vinculado a de recursos naturais.<\/p>\n\n\n\n<p>O governador Wanderlei Barbosa destacou a import\u00e2ncia de investir em pol\u00edticas p\u00fablicas de promo\u00e7\u00e3o do agroneg\u00f3cio sustent\u00e1vel. \u201cNo Tocantins, acreditamos que os nossos potenciais econ\u00f4micos podem ser desenvolvidos de forma harmoniosa com o meio ambiente. No agroneg\u00f3cio, o nosso grande potencial produtivo, h\u00e1 in\u00fameros caminhos para que o crescimento seja sustent\u00e1vel, e n\u00f3s estamos aprimorando a ado\u00e7\u00e3o de pol\u00edticas p\u00fablicas exemplares que nos levem nessa dire\u00e7\u00e3o. Vamos transformar o Estado em um modelo de crescimento econ\u00f4mico com a conserva\u00e7\u00e3o das suas riquezas naturais\u201d, afirmou.<\/p>\n\n\n\n<p><strong>Tocantins \u00e9 destaque no evento<\/strong><\/p>\n\n\n\n<p>O Tocantins foi um dos destaque do evento ao apresentar o Programa de REDD+ Jurisdicional, que tem o objetivo de reduzir progressivamente as emiss\u00f5es de gases de efeito estufa decorrentes do desmatamento e da degrada\u00e7\u00e3o florestal. O programa tornou o Tocantins o primeiro estado do mundo a transacionar os cr\u00e9ditos de carbono nessa modalidade e se tornou uma refer\u00eancia para outros estados do pa\u00eds que est\u00e3o em desenvolvimento de projetos voltados ao mercado de carbono.<\/p>\n\n\n\n<p>O secret\u00e1rio do Meio Ambiente e Recursos H\u00eddricos, Marcello Lelis, participou do painel \u201cO Cerrado, O Clima e as \u00c1guas sob a Perspectiva dos Estados\u201d, quando tratou da implementa\u00e7\u00e3o bem-sucedida do Programa Jurisdicional de REDD+ do Tocantins. &#8220;O nosso projeto \u00e9 pioneiro, inovador, e tornou o Tocantins uma refer\u00eancia para o pa\u00eds. O estado do Mato Grosso do Sul j\u00e1 nos procurou, fizemos reuni\u00f5es, apresentamos a metodologia do nosso trabalho e vamos seguir disseminando a nossa proposta. Os estados de Pernambuco e Goi\u00e1s tamb\u00e9m j\u00e1 est\u00e3o trabalhando em projetos baseados na experi\u00eancia do Tocantins. Tornar-se refer\u00eancia em um assunto para o qual o mundo est\u00e1 olhando como prioridade pode abrir muitas portas para o Tocantins\u201d, afirmou.<\/p>\n\n\n\n<p>O presidente do \u00a0Instituto Natureza do Tocantins, Renato Jayme, tamb\u00e9m participou do painel e afirmou que o Tocantins, al\u00e9m de estar na dire\u00e7\u00e3o da excel\u00eancia em gest\u00e3o de recursos naturais, tamb\u00e9m est\u00e1 influenciando na elabora\u00e7\u00e3o de pol\u00edticas p\u00fablicas em n\u00edvel federal. \u201cO posicionamento do governador Wanderlei Barbosa sobre gest\u00e3o ambiental, manifestado na participa\u00e7\u00e3o do Estado nesse evento, \u00e9 uma demonstra\u00e7\u00e3o de que o Tocantins est\u00e1 alinhado com a vis\u00e3o de promover um desenvolvimento econ\u00f4mico sustent\u00e1vel, com harmonia entre o agroneg\u00f3cio e a preserva\u00e7\u00e3o ambiental, tornando-se exemplo para o pa\u00eds\u201d, afirmou.<\/p>\n\n\n\n<p><img src=\"https:\/\/central.to.gov.br\/image\/346185?w=670&amp;h=383\"><\/p>\n\n\n\n<p>Governador, acompanhado de gestores e autoridades do Estado, durante abertura do evento que reuniu 22 pa\u00edses &#8211; Jaciara Fran\u00e7a\/Governo do Tocantins\u00a0<\/p>\n\n\n\n<p><img src=\"https:\/\/central.to.gov.br\/image\/346184?w=670&amp;h=383\"><\/p>\n\n\n\n<p>Governador Wanderlei Barbosa recepcionado pelo governador de Goi\u00e1s, Ronaldo Caiado &#8211; Jaciara Fran\u00e7a\/Governo do Tocantins<\/p>\n","protected":false},"excerpt":{"rendered":"<p>O governador Wanderlei Barbosa participou, nessa segunda-feira, 11,&nbsp;da abertura oficial do Semin\u00e1rio Internacional \u00c1guas Para o Futuro 2023, realizado na cidade de Rio Quente, em Goi\u00e1s. Acompanharam o Governador o secret\u00e1rio de Meio Ambiente e Recursos H\u00eddricos do Tocantins, Marcelo Lelis, o presidente do Instituto Natureza do Tocantins, Renato Jayme, e o secret\u00e1rio de Representa\u00e7\u00e3o [&hellip;]<\/p>\n","protected":false},"author":2,"featured_media":17044,"comment_status":"open","ping_status":"open","sticky":false,"template":"","format":"standard","meta":[],"categories":[3],"tags":[13],"_links":{"self":[{"href":"https:\/\/dgospel.com.br\/portal\/index.php\/wp-json\/wp\/v2\/posts\/17043"}],"collection":[{"href":"https:\/\/dgospel.com.br\/portal\/index.php\/wp-json\/wp\/v2\/posts"}],"about":[{"href":"https:\/\/dgospel.com.br\/portal\/index.php\/wp-json\/wp\/v2\/types\/post"}],"author":[{"embeddable":true,"href":"https:\/\/dgospel.com.br\/portal\/index.php\/wp-json\/wp\/v2\/users\/2"}],"replies":[{"embeddable":true,"href":"https:\/\/dgospel.com.br\/portal\/index.php\/wp-json\/wp\/v2\/comments?post=17043"}],"version-history":[{"count":1,"href":"https:\/\/dgospel.com.br\/portal\/index.php\/wp-json\/wp\/v2\/posts\/17043\/revisions"}],"predecessor-version":[{"id":17045,"href":"https:\/\/dgospel.com.br\/portal\/index.php\/wp-json\/wp\/v2\/posts\/17043\/revisions\/17045"}],"wp:featuredmedia":[{"embeddable":true,"href":"https:\/\/dgospel.com.br\/portal\/index.php\/wp-json\/wp\/v2\/media\/17044"}],"wp:attachment":[{"href":"https:\/\/dgospel.com.br\/portal\/index.php\/wp-json\/wp\/v2\/media?parent=17043"}],"wp:term":[{"taxonomy":"category","embeddable":true,"href":"https:\/\/dgospel.com.br\/portal\/index.php\/wp-json\/wp\/v2\/categories?post=17043"},{"taxonomy":"post_tag","embeddable":true,"href":"https:\/\/dgospel.com.br\/portal\/index.php\/wp-json\/wp\/v2\/tags?post=17043"}],"curies":[{"name":"wp","href":"https:\/\/api.w.org\/{rel}","templated":true}]}}