{"id":17046,"date":"2023-09-12T12:06:54","date_gmt":"2023-09-12T15:06:54","guid":{"rendered":"http:\/\/dgospel.com.br\/portal\/?p=17046"},"modified":"2023-09-12T12:06:55","modified_gmt":"2023-09-12T15:06:55","slug":"crista-karol-eller-anuncia-que-renunciou-a-homossexualidade","status":"publish","type":"post","link":"https:\/\/dgospel.com.br\/portal\/index.php\/2023\/09\/12\/crista-karol-eller-anuncia-que-renunciou-a-homossexualidade\/","title":{"rendered":"Crist\u00e3, Karol Eller anuncia que renunciou \u00e0 homossexualidade"},"content":{"rendered":"\n<p>A influenciadora Karol Eller anunciou, neste domingo (10), que decidiu \u201crenunciar a pr\u00e1tica homossexual\u201d e aos \u201cv\u00edcios\u201d que mantinha com o objetivo de \u201cviver em Cristo\u201d. O relato foi publicado em suas redes sociais com um v\u00eddeo que mostra momentos de sua busca por Deus em um retiro espiritual.<\/p>\n\n\n\n<p>Em seu texto, ela ainda fez refer\u00eancia a um trecho da m\u00fasica\u00a0<em>Tua Gra\u00e7a Me Basta<\/em>, gravada pelo cantor gospel Davi Sacer, e usou como trilha sonora<em>\u00a0Nada Al\u00e9m do Sangue<\/em>, na voz de Fernandinho.<\/p>\n\n\n\n<p>\u2013 Fam\u00edlia tripliquem as ora\u00e7\u00f5es, pois Deus me usou como nunca, e daqui pra frente estou pronta para guerrear debaixo da autoridade do nome de Jesus! \u201cQue diminua eu, pra que tu cres\u00e7as, Senhor, mais mais\u201d. REN\u00daNCIA! Sim, eu renunciei \u00e0 pr\u00e1tica homossexual, eu renunciei v\u00edcios e renunciei os desejos da minha carne para viver em Cristo! Que Deus aben\u00e7oe voc\u00eas! \u2013 escreveu.<\/p>\n\n\n\n<p>Por fim, ela agradeceu aos seus pastores, Wellington Rocha e Angela Cabral Rocha, da Assembleia de Deus Rio Verde, em Goi\u00e1s.<\/p>\n\n\n\n<p>Karol Eller ficou famosa ap\u00f3s se posicionar a favor do ex-presidente Jair Bolsonaro (PL) e seus ideais de direita. Em seus perfis nas redes sociais, h\u00e1 diversas homenagens ao ex-chefe do Executivo e v\u00eddeos de suas opini\u00f5es pol\u00edticas. No in\u00edcio de agosto, ela se juntou ao Partido Liberal, sigla do ex-l\u00edder do Planalto, que abonou sua ficha de filia\u00e7\u00e3o.<\/p>\n","protected":false},"excerpt":{"rendered":"<p>A influenciadora Karol Eller anunciou, neste domingo (10), que decidiu \u201crenunciar a pr\u00e1tica homossexual\u201d e aos \u201cv\u00edcios\u201d que mantinha com o objetivo de \u201cviver em Cristo\u201d. O relato foi publicado em suas redes sociais com um v\u00eddeo que mostra momentos de sua busca por Deus em um retiro espiritual. Em seu texto, ela ainda fez [&hellip;]<\/p>\n","protected":false},"author":2,"featured_media":17047,"comment_status":"open","ping_status":"open","sticky":false,"template":"","format":"standard","meta":[],"categories":[5],"tags":[],"_links":{"self":[{"href":"https:\/\/dgospel.com.br\/portal\/index.php\/wp-json\/wp\/v2\/posts\/17046"}],"collection":[{"href":"https:\/\/dgospel.com.br\/portal\/index.php\/wp-json\/wp\/v2\/posts"}],"about":[{"href":"https:\/\/dgospel.com.br\/portal\/index.php\/wp-json\/wp\/v2\/types\/post"}],"author":[{"embeddable":true,"href":"https:\/\/dgospel.com.br\/portal\/index.php\/wp-json\/wp\/v2\/users\/2"}],"replies":[{"embeddable":true,"href":"https:\/\/dgospel.com.br\/portal\/index.php\/wp-json\/wp\/v2\/comments?post=17046"}],"version-history":[{"count":1,"href":"https:\/\/dgospel.com.br\/portal\/index.php\/wp-json\/wp\/v2\/posts\/17046\/revisions"}],"predecessor-version":[{"id":17048,"href":"https:\/\/dgospel.com.br\/portal\/index.php\/wp-json\/wp\/v2\/posts\/17046\/revisions\/17048"}],"wp:featuredmedia":[{"embeddable":true,"href":"https:\/\/dgospel.com.br\/portal\/index.php\/wp-json\/wp\/v2\/media\/17047"}],"wp:attachment":[{"href":"https:\/\/dgospel.com.br\/portal\/index.php\/wp-json\/wp\/v2\/media?parent=17046"}],"wp:term":[{"taxonomy":"category","embeddable":true,"href":"https:\/\/dgospel.com.br\/portal\/index.php\/wp-json\/wp\/v2\/categories?post=17046"},{"taxonomy":"post_tag","embeddable":true,"href":"https:\/\/dgospel.com.br\/portal\/index.php\/wp-json\/wp\/v2\/tags?post=17046"}],"curies":[{"name":"wp","href":"https:\/\/api.w.org\/{rel}","templated":true}]}}