{"id":17052,"date":"2023-09-12T16:17:53","date_gmt":"2023-09-12T19:17:53","guid":{"rendered":"http:\/\/dgospel.com.br\/portal\/?p=17052"},"modified":"2023-09-12T16:17:54","modified_gmt":"2023-09-12T19:17:54","slug":"deputado-leo-barbosa-participa-de-consulta-publica-do-ppa-da-regiao-do-jalapao-em-novo-acordo","status":"publish","type":"post","link":"https:\/\/dgospel.com.br\/portal\/index.php\/2023\/09\/12\/deputado-leo-barbosa-participa-de-consulta-publica-do-ppa-da-regiao-do-jalapao-em-novo-acordo\/","title":{"rendered":"<strong>Deputado L\u00e9o Barbosa participa de Consulta P\u00fablica do PPA da regi\u00e3o do Jalap\u00e3o em Novo Acordo<\/strong>"},"content":{"rendered":"\n<p>O deputado estadual L\u00e9o Barbosa (Republicanos) participou na manh\u00e3 desta ter\u00e7a-feira, 12, da abertura da pen\u00faltima edi\u00e7\u00e3o da Consulta P\u00fablica do PPA 2024-2027 na regional do Jalap\u00e3o, que tem sede no munic\u00edpio de Novo Acordo.<br><\/p>\n\n\n\n<p>Durante todo o dia, a popula\u00e7\u00e3o do Jalap\u00e3o est\u00e1 tendo a oportunidade de escolher as prioridades e os desafios da regi\u00e3o baseadas em 7 eixos tem\u00e1ticos que fazem parte da metodologia do PPA. Al\u00e9m de Novo Acordo, mais oito cidades fazem parte da Regional Jalap\u00e3o: Lizarda, Lagoa do Tocantins, Mateiros, S\u00e3o F\u00e9lix do Tocantins, Pindorama do Tocantins, Ponte Alta do Tocantins, Rio Sono e Santa Tereza do Tocantins.&nbsp;<\/p>\n\n\n\n<p>Em discurso durante o evento, L\u00e9o destacou a import\u00e2ncia das consultas p\u00fablicas para elencar as prioridades de cada regi\u00e3o. \u201cN\u00f3s temos muitos desafios, mas temos sim que elencar prioridades e o PPA foi feito justamente para que a gente posa construir juntos uma aplica\u00e7\u00e3o de recursos naquilo que a popula\u00e7\u00e3o mais precisa\u201d, frisou.<\/p>\n\n\n\n<p>Na ocasi\u00e3o, o parlamentar tamb\u00e9m destacou a destina\u00e7\u00e3o de recursos que fez para os munic\u00edpios de Novo Acordo, Aparecida do Rio Negro e Rio Sono, e reafirmou o compromisso de continuar trabalhando pela regi\u00e3o<\/p>\n","protected":false},"excerpt":{"rendered":"<p>O deputado estadual L\u00e9o Barbosa (Republicanos) participou na manh\u00e3 desta ter\u00e7a-feira, 12, da abertura da pen\u00faltima edi\u00e7\u00e3o da Consulta P\u00fablica do PPA 2024-2027 na regional do Jalap\u00e3o, que tem sede no munic\u00edpio de Novo Acordo. Durante todo o dia, a popula\u00e7\u00e3o do Jalap\u00e3o est\u00e1 tendo a oportunidade de escolher as prioridades e os desafios da [&hellip;]<\/p>\n","protected":false},"author":2,"featured_media":17053,"comment_status":"open","ping_status":"open","sticky":false,"template":"","format":"standard","meta":[],"categories":[8],"tags":[13],"_links":{"self":[{"href":"https:\/\/dgospel.com.br\/portal\/index.php\/wp-json\/wp\/v2\/posts\/17052"}],"collection":[{"href":"https:\/\/dgospel.com.br\/portal\/index.php\/wp-json\/wp\/v2\/posts"}],"about":[{"href":"https:\/\/dgospel.com.br\/portal\/index.php\/wp-json\/wp\/v2\/types\/post"}],"author":[{"embeddable":true,"href":"https:\/\/dgospel.com.br\/portal\/index.php\/wp-json\/wp\/v2\/users\/2"}],"replies":[{"embeddable":true,"href":"https:\/\/dgospel.com.br\/portal\/index.php\/wp-json\/wp\/v2\/comments?post=17052"}],"version-history":[{"count":1,"href":"https:\/\/dgospel.com.br\/portal\/index.php\/wp-json\/wp\/v2\/posts\/17052\/revisions"}],"predecessor-version":[{"id":17054,"href":"https:\/\/dgospel.com.br\/portal\/index.php\/wp-json\/wp\/v2\/posts\/17052\/revisions\/17054"}],"wp:featuredmedia":[{"embeddable":true,"href":"https:\/\/dgospel.com.br\/portal\/index.php\/wp-json\/wp\/v2\/media\/17053"}],"wp:attachment":[{"href":"https:\/\/dgospel.com.br\/portal\/index.php\/wp-json\/wp\/v2\/media?parent=17052"}],"wp:term":[{"taxonomy":"category","embeddable":true,"href":"https:\/\/dgospel.com.br\/portal\/index.php\/wp-json\/wp\/v2\/categories?post=17052"},{"taxonomy":"post_tag","embeddable":true,"href":"https:\/\/dgospel.com.br\/portal\/index.php\/wp-json\/wp\/v2\/tags?post=17052"}],"curies":[{"name":"wp","href":"https:\/\/api.w.org\/{rel}","templated":true}]}}