{"id":17058,"date":"2023-09-13T11:54:34","date_gmt":"2023-09-13T14:54:34","guid":{"rendered":"http:\/\/dgospel.com.br\/portal\/?p=17058"},"modified":"2023-09-13T11:54:36","modified_gmt":"2023-09-13T14:54:36","slug":"pesquisa-mostra-que-eleitores-de-direita-sao-o-dobro-da-esquerda","status":"publish","type":"post","link":"https:\/\/dgospel.com.br\/portal\/index.php\/2023\/09\/13\/pesquisa-mostra-que-eleitores-de-direita-sao-o-dobro-da-esquerda\/","title":{"rendered":"Pesquisa mostra que eleitores de direita s\u00e3o o dobro da esquerda"},"content":{"rendered":"\n<p>Um levantamento realizado com eleitores mostra que h\u00e1 mais brasileiros que se identificam com a direita pol\u00edtica, do que com a esquerda. O estudo intitulado&nbsp;<em>A Cara da Democracia<\/em>&nbsp;mostra que 22% dos entrevistados se identificam como sendo de direita e 11% se declaram alinhados com a esquerda.<\/p>\n\n\n\n<p>Os entrevistados tiveram que marcar sua prefer\u00eancia pol\u00edtica em uma escala de 1 a 10, sendo que o 1 simbolizava a esquerda e o 10 a direita. As varia\u00e7\u00f5es entre esses n\u00fameros mostram alinhamento ao centro.<\/p>\n\n\n\n<p>Os n\u00fameros mostram que eleitores alinhados \u00e0 direita dobraram nos \u00faltimos anos, pois em 2018 apenas 9% se identificam como de direita, \u00edndice que saltou para 22% em 2023. A esquerda cresceu em menor escala, pois, em 2018, os adeptos dessa linha ideol\u00f3gica representavam 6%, n\u00famero que passou para 11% neste ano.<\/p>\n\n\n\n<p>A pesquisa foi feita pelo Instituto da Democracia e divulgada pelo jornal O Globo, ouvindo 2.558 eleitores, de forma presencial, em 167 cidades do pa\u00eds. As entrevistas aconteceram entre os dias 22 e 29 de agosto e contou com financiamento do CNPq. A margem de erro \u00e9 de dois pontos percentuais para mais, ou para menos.<\/p>\n","protected":false},"excerpt":{"rendered":"<p>Um levantamento realizado com eleitores mostra que h\u00e1 mais brasileiros que se identificam com a direita pol\u00edtica, do que com a esquerda. O estudo intitulado&nbsp;A Cara da Democracia&nbsp;mostra que 22% dos entrevistados se identificam como sendo de direita e 11% se declaram alinhados com a esquerda. Os entrevistados tiveram que marcar sua prefer\u00eancia pol\u00edtica em [&hellip;]<\/p>\n","protected":false},"author":2,"featured_media":17059,"comment_status":"open","ping_status":"open","sticky":false,"template":"","format":"standard","meta":[],"categories":[10],"tags":[],"_links":{"self":[{"href":"https:\/\/dgospel.com.br\/portal\/index.php\/wp-json\/wp\/v2\/posts\/17058"}],"collection":[{"href":"https:\/\/dgospel.com.br\/portal\/index.php\/wp-json\/wp\/v2\/posts"}],"about":[{"href":"https:\/\/dgospel.com.br\/portal\/index.php\/wp-json\/wp\/v2\/types\/post"}],"author":[{"embeddable":true,"href":"https:\/\/dgospel.com.br\/portal\/index.php\/wp-json\/wp\/v2\/users\/2"}],"replies":[{"embeddable":true,"href":"https:\/\/dgospel.com.br\/portal\/index.php\/wp-json\/wp\/v2\/comments?post=17058"}],"version-history":[{"count":1,"href":"https:\/\/dgospel.com.br\/portal\/index.php\/wp-json\/wp\/v2\/posts\/17058\/revisions"}],"predecessor-version":[{"id":17060,"href":"https:\/\/dgospel.com.br\/portal\/index.php\/wp-json\/wp\/v2\/posts\/17058\/revisions\/17060"}],"wp:featuredmedia":[{"embeddable":true,"href":"https:\/\/dgospel.com.br\/portal\/index.php\/wp-json\/wp\/v2\/media\/17059"}],"wp:attachment":[{"href":"https:\/\/dgospel.com.br\/portal\/index.php\/wp-json\/wp\/v2\/media?parent=17058"}],"wp:term":[{"taxonomy":"category","embeddable":true,"href":"https:\/\/dgospel.com.br\/portal\/index.php\/wp-json\/wp\/v2\/categories?post=17058"},{"taxonomy":"post_tag","embeddable":true,"href":"https:\/\/dgospel.com.br\/portal\/index.php\/wp-json\/wp\/v2\/tags?post=17058"}],"curies":[{"name":"wp","href":"https:\/\/api.w.org\/{rel}","templated":true}]}}