{"id":17061,"date":"2023-09-13T11:58:01","date_gmt":"2023-09-13T14:58:01","guid":{"rendered":"http:\/\/dgospel.com.br\/portal\/?p=17061"},"modified":"2023-09-13T11:58:02","modified_gmt":"2023-09-13T14:58:02","slug":"presidente-da-camara-dos-eua-kevin-mccarthy-pede-abertura-de-impeachment-contra-joe-biden","status":"publish","type":"post","link":"https:\/\/dgospel.com.br\/portal\/index.php\/2023\/09\/13\/presidente-da-camara-dos-eua-kevin-mccarthy-pede-abertura-de-impeachment-contra-joe-biden\/","title":{"rendered":"\u00a0Presidente da C\u00e2mara dos EUA, Kevin McCarthy, pede abertura de Impeachment contra Joe Biden"},"content":{"rendered":"\n<p>Nesta ter\u00e7a-feira (12), Kevin McCarthy, presidente da C\u00e2mara dos Representantes dos EUA, declarou apoio para o in\u00edcio do processo de impeachment contra o presidente Joe Biden. Atrav\u00e9s de uma declara\u00e7\u00e3o concisa, o l\u00edder republicano na C\u00e2mara apontou todas as raz\u00f5es para essa decis\u00e3o, destacando as alega\u00e7\u00f5es de benef\u00edcios fiscais e outras vantagens que, segundo ele, foram concedidas \u00e0 fam\u00edlia de Biden sob a prote\u00e7\u00e3o da administra\u00e7\u00e3o atual.<\/p>\n\n\n\n<p><a href=\"https:\/\/www.assembleia.pr.leg.br\/assembleia-itinerante\/sugestao-de-melhorias-para-sua-cidade\" target=\"_blank\" rel=\"noreferrer noopener\"><\/a><\/p>\n\n\n\n<p>Fontes pr\u00f3ximas a McCarthy, ouvidas pela CNN, indicam que ele dever\u00e1 expor mais detalhes durante um encontro especial entre republicanos programado para quinta-feira (14), considerando esse inqu\u00e9rito como uma consequ\u00eancia l\u00f3gica dos acontecimentos recentes.<\/p>\n\n\n\n<p>McCarthy tamb\u00e9m destacou os neg\u00f3cios de Hunter Biden, filho do presidente, envolvendo a Ucr\u00e2nia e a R\u00fassia, como um reflexo de uma persistente \u201ccultura de corrup\u00e7\u00e3o\u201d.<\/p>\n","protected":false},"excerpt":{"rendered":"<p>Nesta ter\u00e7a-feira (12), Kevin McCarthy, presidente da C\u00e2mara dos Representantes dos EUA, declarou apoio para o in\u00edcio do processo de impeachment contra o presidente Joe Biden. Atrav\u00e9s de uma declara\u00e7\u00e3o concisa, o l\u00edder republicano na C\u00e2mara apontou todas as raz\u00f5es para essa decis\u00e3o, destacando as alega\u00e7\u00f5es de benef\u00edcios fiscais e outras vantagens que, segundo ele, [&hellip;]<\/p>\n","protected":false},"author":2,"featured_media":17062,"comment_status":"open","ping_status":"open","sticky":false,"template":"","format":"standard","meta":[],"categories":[16],"tags":[],"_links":{"self":[{"href":"https:\/\/dgospel.com.br\/portal\/index.php\/wp-json\/wp\/v2\/posts\/17061"}],"collection":[{"href":"https:\/\/dgospel.com.br\/portal\/index.php\/wp-json\/wp\/v2\/posts"}],"about":[{"href":"https:\/\/dgospel.com.br\/portal\/index.php\/wp-json\/wp\/v2\/types\/post"}],"author":[{"embeddable":true,"href":"https:\/\/dgospel.com.br\/portal\/index.php\/wp-json\/wp\/v2\/users\/2"}],"replies":[{"embeddable":true,"href":"https:\/\/dgospel.com.br\/portal\/index.php\/wp-json\/wp\/v2\/comments?post=17061"}],"version-history":[{"count":1,"href":"https:\/\/dgospel.com.br\/portal\/index.php\/wp-json\/wp\/v2\/posts\/17061\/revisions"}],"predecessor-version":[{"id":17063,"href":"https:\/\/dgospel.com.br\/portal\/index.php\/wp-json\/wp\/v2\/posts\/17061\/revisions\/17063"}],"wp:featuredmedia":[{"embeddable":true,"href":"https:\/\/dgospel.com.br\/portal\/index.php\/wp-json\/wp\/v2\/media\/17062"}],"wp:attachment":[{"href":"https:\/\/dgospel.com.br\/portal\/index.php\/wp-json\/wp\/v2\/media?parent=17061"}],"wp:term":[{"taxonomy":"category","embeddable":true,"href":"https:\/\/dgospel.com.br\/portal\/index.php\/wp-json\/wp\/v2\/categories?post=17061"},{"taxonomy":"post_tag","embeddable":true,"href":"https:\/\/dgospel.com.br\/portal\/index.php\/wp-json\/wp\/v2\/tags?post=17061"}],"curies":[{"name":"wp","href":"https:\/\/api.w.org\/{rel}","templated":true}]}}